{"id":6980,"date":"2026-03-17T11:48:11","date_gmt":"2026-03-17T10:48:11","guid":{"rendered":"https:\/\/www.aiutu-corsu.org\/wordpress\/?p=6980"},"modified":"2026-03-17T11:48:11","modified_gmt":"2026-03-17T10:48:11","slug":"la-corse-terre-de-precarite-table-ronde-chez-frequenza-nostra","status":"publish","type":"post","link":"https:\/\/www.aiutu-corsu.org\/wordpress\/2026\/03\/17\/la-corse-terre-de-precarite-table-ronde-chez-frequenza-nostra\/","title":{"rendered":"La Corse, terre de pr\u00e9carit\u00e9? Table ronde chez Frequenza Nostra"},"content":{"rendered":"\n<p>Retrouvez l&rsquo;\u00e9quipe d&rsquo;Aiutu Corsu en compagnie de l\u2019\u00e9quipe mobile psychiatrie et pr\u00e9carit\u00e9 du CH de Castelluccio, la d\u00e9l\u00e9gation corse de La Croix Rouge, Les Unsvisibles et David Brewa, intervenant multim\u00e9dia. Et avec au t\u00e9l\u00e9phone, Hyacinthe Chroury, ancien secr\u00e9taire g\u00e9n\u00e9ral du Secours populaire, vice-pr\u00e9sident de la CLE et pr\u00e9sident de la Commission Pr\u00e9carit\u00e9-Solidarit\u00e9 du Cesec.<\/p>\n\n\n\n<p>\u00c9coutez l\u2019interview chez Frequenza Nostra dat\u00e9e du 12 mars 2026.<\/p>\n\n\n\n<figure class=\"wp-block-audio\"><audio controls src=\"https:\/\/www.aiutu-corsu.org\/wordpress\/wp-content\/uploads\/2026\/03\/Table-ronde-precarite-Frequenza-Nostra-12-03-26.mp3\"><\/audio><\/figure>\n\n\n\n<p><\/p>\n\n\n\n<figure class=\"wp-block-image size-full\"><a href=\"https:\/\/www.aiutu-corsu.org\/wordpress\/wp-content\/uploads\/2026\/03\/Capture-decran-2026-03-17-114519.png\"><img loading=\"lazy\" decoding=\"async\" width=\"715\" height=\"892\" src=\"https:\/\/www.aiutu-corsu.org\/wordpress\/wp-content\/uploads\/2026\/03\/Capture-decran-2026-03-17-114519.png\" alt=\"\" class=\"wp-image-6981\" srcset=\"https:\/\/www.aiutu-corsu.org\/wordpress\/wp-content\/uploads\/2026\/03\/Capture-decran-2026-03-17-114519.png 715w, https:\/\/www.aiutu-corsu.org\/wordpress\/wp-content\/uploads\/2026\/03\/Capture-decran-2026-03-17-114519-240x300.png 240w\" sizes=\"(max-width: 715px) 100vw, 715px\" \/><\/a><\/figure>\n","protected":false},"excerpt":{"rendered":"<p>Retrouvez l&rsquo;\u00e9quipe d&rsquo;Aiutu Corsu en compagnie de l\u2019\u00e9quipe mobile psychiatrie et pr\u00e9carit\u00e9 du CH de Castelluccio, la d\u00e9l\u00e9gation corse de La Croix Rouge, Les Unsvisibles et David Brewa, intervenant multim\u00e9dia. Et avec au t\u00e9l\u00e9phone, Hyacinthe Chroury, ancien secr\u00e9taire g\u00e9n\u00e9ral du Secours populaire, vice-pr\u00e9sident de la CLE et pr\u00e9sident de la Commission Pr\u00e9carit\u00e9-Solidarit\u00e9 du Cesec. \u00c9coutez [&hellip;]<\/p>\n","protected":false},"author":191,"featured_media":6981,"comment_status":"closed","ping_status":"open","sticky":false,"template":"","format":"standard","meta":{"footnotes":""},"categories":[284],"tags":[65,183],"_links":{"self":[{"href":"https:\/\/www.aiutu-corsu.org\/wordpress\/wp-json\/wp\/v2\/posts\/6980"}],"collection":[{"href":"https:\/\/www.aiutu-corsu.org\/wordpress\/wp-json\/wp\/v2\/posts"}],"about":[{"href":"https:\/\/www.aiutu-corsu.org\/wordpress\/wp-json\/wp\/v2\/types\/post"}],"author":[{"embeddable":true,"href":"https:\/\/www.aiutu-corsu.org\/wordpress\/wp-json\/wp\/v2\/users\/191"}],"replies":[{"embeddable":true,"href":"https:\/\/www.aiutu-corsu.org\/wordpress\/wp-json\/wp\/v2\/comments?post=6980"}],"version-history":[{"count":1,"href":"https:\/\/www.aiutu-corsu.org\/wordpress\/wp-json\/wp\/v2\/posts\/6980\/revisions"}],"predecessor-version":[{"id":6982,"href":"https:\/\/www.aiutu-corsu.org\/wordpress\/wp-json\/wp\/v2\/posts\/6980\/revisions\/6982"}],"wp:featuredmedia":[{"embeddable":true,"href":"https:\/\/www.aiutu-corsu.org\/wordpress\/wp-json\/wp\/v2\/media\/6981"}],"wp:attachment":[{"href":"https:\/\/www.aiutu-corsu.org\/wordpress\/wp-json\/wp\/v2\/media?parent=6980"}],"wp:term":[{"taxonomy":"category","embeddable":true,"href":"https:\/\/www.aiutu-corsu.org\/wordpress\/wp-json\/wp\/v2\/categories?post=6980"},{"taxonomy":"post_tag","embeddable":true,"href":"https:\/\/www.aiutu-corsu.org\/wordpress\/wp-json\/wp\/v2\/tags?post=6980"}],"curies":[{"name":"wp","href":"https:\/\/api.w.org\/{rel}","templated":true}]}}