{"id":6935,"date":"2026-01-27T10:16:34","date_gmt":"2026-01-27T09:16:34","guid":{"rendered":"https:\/\/www.aiutu-corsu.org\/wordpress\/?p=6935"},"modified":"2026-01-27T10:16:35","modified_gmt":"2026-01-27T09:16:35","slug":"isula-nuda-emission-speciale-vih-sida","status":"publish","type":"post","link":"https:\/\/www.aiutu-corsu.org\/wordpress\/2026\/01\/27\/isula-nuda-emission-speciale-vih-sida\/","title":{"rendered":"Isula Nuda : \u00c9mission sp\u00e9ciale VIH &#8211; SIDA"},"content":{"rendered":"\n<p>Notre pr\u00e9sidente Sylvie Marcaggi, invit\u00e9e dans les studios de Corsica Radio par Anne-Catherine Mendez, est intervenue dans Isula Nuda  pour une \u00e9mission sp\u00e9ciale VIH : angles morts de la pr\u00e9vention.<br>Avec le Dr Mahamat, infectiologue, au CEGIDD et \u00e0 l&rsquo;h\u00f4pital d&rsquo;Ajaccio, et Paule Maerten de C3S, un \u00e9change riche autour de la pr\u00e9vention et de l\u2019accompagnement.<\/p>\n\n\n\n<div class=\"wp-block-buttons is-content-justification-center is-layout-flex wp-container-core-buttons-layout-1 wp-block-buttons-is-layout-flex\">\n<div class=\"wp-block-button has-custom-width wp-block-button__width-50 has-custom-font-size is-style-outline has-medium-font-size\" style=\"font-style:normal;font-weight:700\"><a class=\"wp-block-button__link has-vivid-red-color has-black-background-color has-text-color has-background has-link-color wp-element-button\" href=\"https:\/\/corsicaradio.fr\/isula-nuda-7-emission-speciale-vih-sida\/\" style=\"border-radius:100px\" target=\"_blank\" rel=\"noreferrer noopener\">Cliquer ici pour \u00e9couter l&rsquo;\u00e9mission<\/a><\/div>\n<\/div>\n\n\n\n<p><\/p>\n\n\n\n<p><\/p>\n","protected":false},"excerpt":{"rendered":"<p>Notre pr\u00e9sidente Sylvie Marcaggi, invit\u00e9e dans les studios de Corsica Radio par Anne-Catherine Mendez, est intervenue dans Isula Nuda pour une \u00e9mission sp\u00e9ciale VIH : angles morts de la pr\u00e9vention.Avec le Dr Mahamat, infectiologue, au CEGIDD et \u00e0 l&rsquo;h\u00f4pital d&rsquo;Ajaccio, et Paule Maerten de C3S, un \u00e9change riche autour de la pr\u00e9vention et de l\u2019accompagnement.<\/p>\n","protected":false},"author":191,"featured_media":6936,"comment_status":"closed","ping_status":"open","sticky":false,"template":"","format":"standard","meta":{"footnotes":""},"categories":[284],"tags":[65,183],"_links":{"self":[{"href":"https:\/\/www.aiutu-corsu.org\/wordpress\/wp-json\/wp\/v2\/posts\/6935"}],"collection":[{"href":"https:\/\/www.aiutu-corsu.org\/wordpress\/wp-json\/wp\/v2\/posts"}],"about":[{"href":"https:\/\/www.aiutu-corsu.org\/wordpress\/wp-json\/wp\/v2\/types\/post"}],"author":[{"embeddable":true,"href":"https:\/\/www.aiutu-corsu.org\/wordpress\/wp-json\/wp\/v2\/users\/191"}],"replies":[{"embeddable":true,"href":"https:\/\/www.aiutu-corsu.org\/wordpress\/wp-json\/wp\/v2\/comments?post=6935"}],"version-history":[{"count":5,"href":"https:\/\/www.aiutu-corsu.org\/wordpress\/wp-json\/wp\/v2\/posts\/6935\/revisions"}],"predecessor-version":[{"id":6948,"href":"https:\/\/www.aiutu-corsu.org\/wordpress\/wp-json\/wp\/v2\/posts\/6935\/revisions\/6948"}],"wp:featuredmedia":[{"embeddable":true,"href":"https:\/\/www.aiutu-corsu.org\/wordpress\/wp-json\/wp\/v2\/media\/6936"}],"wp:attachment":[{"href":"https:\/\/www.aiutu-corsu.org\/wordpress\/wp-json\/wp\/v2\/media?parent=6935"}],"wp:term":[{"taxonomy":"category","embeddable":true,"href":"https:\/\/www.aiutu-corsu.org\/wordpress\/wp-json\/wp\/v2\/categories?post=6935"},{"taxonomy":"post_tag","embeddable":true,"href":"https:\/\/www.aiutu-corsu.org\/wordpress\/wp-json\/wp\/v2\/tags?post=6935"}],"curies":[{"name":"wp","href":"https:\/\/api.w.org\/{rel}","templated":true}]}}