{"id":6717,"date":"2025-06-05T11:08:16","date_gmt":"2025-06-05T10:08:16","guid":{"rendered":"https:\/\/www.aiutu-corsu.org\/wordpress\/?p=6717"},"modified":"2025-07-28T14:24:04","modified_gmt":"2025-07-28T13:24:04","slug":"visite-au-jardin-potager","status":"publish","type":"post","link":"https:\/\/www.aiutu-corsu.org\/wordpress\/2025\/06\/05\/visite-au-jardin-potager\/","title":{"rendered":"Visite au jardin potager"},"content":{"rendered":"\n<div class=\"wp-block-group alignfull has-background is-layout-flow wp-block-group-is-layout-flow\" style=\"background-color:#f5eac1;padding-top:6vw;padding-right:6vw;padding-bottom:6vw;padding-left:6vw\"><div class=\"wp-block-group__inner-container\">\n<div class=\"wp-block-group is-vertical is-nowrap is-layout-flex wp-container-core-group-layout-1 wp-block-group-is-layout-flex\" style=\"padding-right:0;padding-left:0\">\n<h6 class=\"wp-block-heading has-text-color\" id=\"ecosystem\" style=\"color:#000000;font-size:16px\">ACTIVITE CONVIVIALITE<\/h6>\n\n\n\n<p class=\"has-text-color\" style=\"color:#000000;font-size:6vw;font-style:normal;font-weight:700;letter-spacing:0px;line-height:0.9;text-decoration:none;text-transform:none\">Le jardinage \u00e7a creuse.<\/p>\n<\/div>\n\n\n\n<div style=\"height:1vw\" aria-hidden=\"true\" class=\"wp-block-spacer\"><\/div>\n\n\n\n<div class=\"wp-block-group alignwide is-vertical is-nowrap is-layout-flex wp-container-core-group-layout-2 wp-block-group-is-layout-flex\" style=\"padding-top:0;padding-right:0;padding-bottom:0;padding-left:0\">\n<div class=\"wp-block-columns alignwide is-layout-flex wp-container-core-columns-layout-1 wp-block-columns-is-layout-flex\">\n<div class=\"wp-block-column is-layout-flow wp-block-column-is-layout-flow\" style=\"flex-basis:33.38%\">\n<p class=\"has-text-color\" style=\"color:#000000;font-size:17px\">Hier matin, le jardin potager de l\u2019association Aiutu Corsu s\u2019est transform\u00e9 en lieu de convivialit\u00e9 et de lien social autour d\u2019un petit d\u00e9jeuner pas comme les autres. Au menu : croissants, pains au chocolat\u2026et cueillette collective !<\/p>\n\n\n\n<p class=\"has-text-color\" style=\"color:#000000;font-size:17px\">Dans une ambiance d\u00e9tendue, usagers et membres de l\u2019\u00e9quipe ont uni leurs forces, panier \u00e0 la main, pour r\u00e9colter les tr\u00e9sors du potager. Au-del\u00e0 des l\u00e9gumes frais, ce sont surtout des sourires, des souvenirs, des \u00e9changes et m\u00eame des retrouvailles qui ont fleuri entre les all\u00e9es.<\/p>\n<\/div>\n\n\n\n<div class=\"wp-block-column is-layout-flow wp-block-column-is-layout-flow\" style=\"flex-basis:33%\">\n<div style=\"height:2vw\" aria-hidden=\"true\" class=\"wp-block-spacer\"><\/div>\n\n\n\n<figure class=\"wp-block-image size-large\"><img loading=\"lazy\" decoding=\"async\" width=\"768\" height=\"1024\" src=\"https:\/\/www.aiutu-corsu.org\/wordpress\/wp-content\/uploads\/2025\/06\/IMG_1623-768x1024.jpeg\" alt=\"\" class=\"wp-image-6719\" srcset=\"https:\/\/www.aiutu-corsu.org\/wordpress\/wp-content\/uploads\/2025\/06\/IMG_1623-768x1024.jpeg 768w, https:\/\/www.aiutu-corsu.org\/wordpress\/wp-content\/uploads\/2025\/06\/IMG_1623-225x300.jpeg 225w, https:\/\/www.aiutu-corsu.org\/wordpress\/wp-content\/uploads\/2025\/06\/IMG_1623-1152x1536.jpeg 1152w, https:\/\/www.aiutu-corsu.org\/wordpress\/wp-content\/uploads\/2025\/06\/IMG_1623-1536x2048.jpeg 1536w, https:\/\/www.aiutu-corsu.org\/wordpress\/wp-content\/uploads\/2025\/06\/IMG_1623-scaled.jpeg 1920w\" sizes=\"(max-width: 768px) 100vw, 768px\" \/><\/figure>\n<\/div>\n\n\n\n<div class=\"wp-block-column is-layout-flow wp-block-column-is-layout-flow\" style=\"flex-basis:33.62%\">\n<figure class=\"wp-block-image size-large\"><img loading=\"lazy\" decoding=\"async\" width=\"768\" height=\"1024\" src=\"https:\/\/www.aiutu-corsu.org\/wordpress\/wp-content\/uploads\/2025\/06\/IMG_1641-768x1024.jpeg\" alt=\"\" class=\"wp-image-6720\" srcset=\"https:\/\/www.aiutu-corsu.org\/wordpress\/wp-content\/uploads\/2025\/06\/IMG_1641-768x1024.jpeg 768w, https:\/\/www.aiutu-corsu.org\/wordpress\/wp-content\/uploads\/2025\/06\/IMG_1641-225x300.jpeg 225w, https:\/\/www.aiutu-corsu.org\/wordpress\/wp-content\/uploads\/2025\/06\/IMG_1641-1152x1536.jpeg 1152w, https:\/\/www.aiutu-corsu.org\/wordpress\/wp-content\/uploads\/2025\/06\/IMG_1641-1536x2048.jpeg 1536w, https:\/\/www.aiutu-corsu.org\/wordpress\/wp-content\/uploads\/2025\/06\/IMG_1641-scaled.jpeg 1920w\" sizes=\"(max-width: 768px) 100vw, 768px\" \/><\/figure>\n<\/div>\n<\/div>\n\n\n\n<div class=\"wp-block-columns alignwide is-layout-flex wp-container-core-columns-layout-2 wp-block-columns-is-layout-flex\">\n<div class=\"wp-block-column is-layout-flow wp-block-column-is-layout-flow\" style=\"flex-basis:69%\">\n<figure class=\"wp-block-image size-large\"><img loading=\"lazy\" decoding=\"async\" width=\"768\" height=\"1024\" src=\"https:\/\/www.aiutu-corsu.org\/wordpress\/wp-content\/uploads\/2025\/06\/IMG_1640-768x1024.jpeg\" alt=\"\" class=\"wp-image-6721\" srcset=\"https:\/\/www.aiutu-corsu.org\/wordpress\/wp-content\/uploads\/2025\/06\/IMG_1640-768x1024.jpeg 768w, https:\/\/www.aiutu-corsu.org\/wordpress\/wp-content\/uploads\/2025\/06\/IMG_1640-225x300.jpeg 225w, https:\/\/www.aiutu-corsu.org\/wordpress\/wp-content\/uploads\/2025\/06\/IMG_1640-1152x1536.jpeg 1152w, https:\/\/www.aiutu-corsu.org\/wordpress\/wp-content\/uploads\/2025\/06\/IMG_1640-1536x2048.jpeg 1536w, https:\/\/www.aiutu-corsu.org\/wordpress\/wp-content\/uploads\/2025\/06\/IMG_1640-scaled.jpeg 1920w\" sizes=\"(max-width: 768px) 100vw, 768px\" \/><\/figure>\n<\/div>\n\n\n\n<div class=\"wp-block-column is-vertically-aligned-center is-layout-flow wp-block-column-is-layout-flow\" style=\"flex-basis:33%\">\n<p>Chacun est reparti avec un sac bien garni pour le repas du midi, mais surtout avec le sentiment d\u2019avoir v\u00e9cu un moment privil\u00e9gi\u00e9. Dans cet espace de nature, les r\u00f4les s\u2019inversent, et le partage prend tout son sens.<\/p>\n\n\n\n<p>Un grand merci \u00e0 toutes et tous pour votre pr\u00e9sence, votre bonne humeur\u2026 et votre coup de main !<\/p>\n<\/div>\n<\/div>\n<\/div>\n<\/div><\/div>\n","protected":false},"excerpt":{"rendered":"<p>Hier matin, le jardin potager de l\u2019association Aiutu Corsu s\u2019est transform\u00e9 en lieu de convivialit\u00e9 et de lien social autour d\u2019un petit d\u00e9jeuner pas comme les autres.<\/p>\n","protected":false},"author":191,"featured_media":6719,"comment_status":"closed","ping_status":"open","sticky":false,"template":"","format":"standard","meta":{"footnotes":""},"categories":[280],"tags":[189,61,57,156,102,183],"_links":{"self":[{"href":"https:\/\/www.aiutu-corsu.org\/wordpress\/wp-json\/wp\/v2\/posts\/6717"}],"collection":[{"href":"https:\/\/www.aiutu-corsu.org\/wordpress\/wp-json\/wp\/v2\/posts"}],"about":[{"href":"https:\/\/www.aiutu-corsu.org\/wordpress\/wp-json\/wp\/v2\/types\/post"}],"author":[{"embeddable":true,"href":"https:\/\/www.aiutu-corsu.org\/wordpress\/wp-json\/wp\/v2\/users\/191"}],"replies":[{"embeddable":true,"href":"https:\/\/www.aiutu-corsu.org\/wordpress\/wp-json\/wp\/v2\/comments?post=6717"}],"version-history":[{"count":2,"href":"https:\/\/www.aiutu-corsu.org\/wordpress\/wp-json\/wp\/v2\/posts\/6717\/revisions"}],"predecessor-version":[{"id":6735,"href":"https:\/\/www.aiutu-corsu.org\/wordpress\/wp-json\/wp\/v2\/posts\/6717\/revisions\/6735"}],"wp:featuredmedia":[{"embeddable":true,"href":"https:\/\/www.aiutu-corsu.org\/wordpress\/wp-json\/wp\/v2\/media\/6719"}],"wp:attachment":[{"href":"https:\/\/www.aiutu-corsu.org\/wordpress\/wp-json\/wp\/v2\/media?parent=6717"}],"wp:term":[{"taxonomy":"category","embeddable":true,"href":"https:\/\/www.aiutu-corsu.org\/wordpress\/wp-json\/wp\/v2\/categories?post=6717"},{"taxonomy":"post_tag","embeddable":true,"href":"https:\/\/www.aiutu-corsu.org\/wordpress\/wp-json\/wp\/v2\/tags?post=6717"}],"curies":[{"name":"wp","href":"https:\/\/api.w.org\/{rel}","templated":true}]}}