{"id":6631,"date":"2024-12-09T10:38:19","date_gmt":"2024-12-09T09:38:19","guid":{"rendered":"https:\/\/www.aiutu-corsu.org\/wordpress\/?p=6631"},"modified":"2024-12-09T10:38:20","modified_gmt":"2024-12-09T09:38:20","slug":"1er-decembre-journee-mondiale-de-lutte-contre-le-sida","status":"publish","type":"post","link":"https:\/\/www.aiutu-corsu.org\/wordpress\/2024\/12\/09\/1er-decembre-journee-mondiale-de-lutte-contre-le-sida\/","title":{"rendered":"1er d\u00e9cembre : Journ\u00e9e Mondiale de lutte contre le SIDA"},"content":{"rendered":"\n<p>A l\u2019occasion de la Journ\u00e9e Mondiale de lutte contre le SIDA, Aiutu Corsu a men\u00e9e plusieurs actions visant \u00e0 sensibiliser, informer, d\u00e9pister la population insulaire et \u00e9galement accompagner les usagers de la structure, concern\u00e9s directement ou indirectement par le virus du VIH.<\/p>\n\n\n\n<figure class=\"wp-block-gallery has-nested-images columns-default is-cropped wp-block-gallery-1 is-layout-flex wp-block-gallery-is-layout-flex\">\n<figure class=\"wp-block-image size-large\"><a href=\"https:\/\/www.aiutu-corsu.org\/wordpress\/wp-content\/uploads\/2024\/12\/IMG_1269-scaled.jpeg\"><img loading=\"lazy\" decoding=\"async\" width=\"768\" height=\"1024\" data-id=\"6633\" src=\"https:\/\/www.aiutu-corsu.org\/wordpress\/wp-content\/uploads\/2024\/12\/IMG_1269-768x1024.jpeg\" alt=\"\" class=\"wp-image-6633\" srcset=\"https:\/\/www.aiutu-corsu.org\/wordpress\/wp-content\/uploads\/2024\/12\/IMG_1269-768x1024.jpeg 768w, https:\/\/www.aiutu-corsu.org\/wordpress\/wp-content\/uploads\/2024\/12\/IMG_1269-225x300.jpeg 225w, https:\/\/www.aiutu-corsu.org\/wordpress\/wp-content\/uploads\/2024\/12\/IMG_1269-1152x1536.jpeg 1152w, https:\/\/www.aiutu-corsu.org\/wordpress\/wp-content\/uploads\/2024\/12\/IMG_1269-1536x2048.jpeg 1536w, https:\/\/www.aiutu-corsu.org\/wordpress\/wp-content\/uploads\/2024\/12\/IMG_1269-scaled.jpeg 1920w\" sizes=\"(max-width: 768px) 100vw, 768px\" \/><\/a><\/figure>\n\n\n\n<figure class=\"wp-block-image size-large\"><a href=\"https:\/\/www.aiutu-corsu.org\/wordpress\/wp-content\/uploads\/2024\/12\/IMG_1326-1-scaled.jpeg\"><img loading=\"lazy\" decoding=\"async\" width=\"768\" height=\"1024\" data-id=\"6636\" src=\"https:\/\/www.aiutu-corsu.org\/wordpress\/wp-content\/uploads\/2024\/12\/IMG_1326-1-768x1024.jpeg\" alt=\"\" class=\"wp-image-6636\" srcset=\"https:\/\/www.aiutu-corsu.org\/wordpress\/wp-content\/uploads\/2024\/12\/IMG_1326-1-768x1024.jpeg 768w, https:\/\/www.aiutu-corsu.org\/wordpress\/wp-content\/uploads\/2024\/12\/IMG_1326-1-225x300.jpeg 225w, https:\/\/www.aiutu-corsu.org\/wordpress\/wp-content\/uploads\/2024\/12\/IMG_1326-1-1152x1536.jpeg 1152w, https:\/\/www.aiutu-corsu.org\/wordpress\/wp-content\/uploads\/2024\/12\/IMG_1326-1-1536x2048.jpeg 1536w, https:\/\/www.aiutu-corsu.org\/wordpress\/wp-content\/uploads\/2024\/12\/IMG_1326-1-scaled.jpeg 1920w\" sizes=\"(max-width: 768px) 100vw, 768px\" \/><\/a><\/figure>\n\n\n\n<figure class=\"wp-block-image size-large\"><a href=\"https:\/\/www.aiutu-corsu.org\/wordpress\/wp-content\/uploads\/2024\/12\/IMG_1327-1-scaled.jpeg\"><img loading=\"lazy\" decoding=\"async\" width=\"768\" height=\"1024\" data-id=\"6637\" src=\"https:\/\/www.aiutu-corsu.org\/wordpress\/wp-content\/uploads\/2024\/12\/IMG_1327-1-768x1024.jpeg\" alt=\"\" class=\"wp-image-6637\" srcset=\"https:\/\/www.aiutu-corsu.org\/wordpress\/wp-content\/uploads\/2024\/12\/IMG_1327-1-768x1024.jpeg 768w, https:\/\/www.aiutu-corsu.org\/wordpress\/wp-content\/uploads\/2024\/12\/IMG_1327-1-225x300.jpeg 225w, https:\/\/www.aiutu-corsu.org\/wordpress\/wp-content\/uploads\/2024\/12\/IMG_1327-1-1152x1536.jpeg 1152w, https:\/\/www.aiutu-corsu.org\/wordpress\/wp-content\/uploads\/2024\/12\/IMG_1327-1-1536x2048.jpeg 1536w, https:\/\/www.aiutu-corsu.org\/wordpress\/wp-content\/uploads\/2024\/12\/IMG_1327-1-scaled.jpeg 1920w\" sizes=\"(max-width: 768px) 100vw, 768px\" \/><\/a><\/figure>\n\n\n\n<figure class=\"wp-block-image size-large\"><a href=\"https:\/\/www.aiutu-corsu.org\/wordpress\/wp-content\/uploads\/2024\/12\/IMG_1328-scaled.jpeg\"><img loading=\"lazy\" decoding=\"async\" width=\"768\" height=\"1024\" data-id=\"6635\" src=\"https:\/\/www.aiutu-corsu.org\/wordpress\/wp-content\/uploads\/2024\/12\/IMG_1328-768x1024.jpeg\" alt=\"\" class=\"wp-image-6635\" srcset=\"https:\/\/www.aiutu-corsu.org\/wordpress\/wp-content\/uploads\/2024\/12\/IMG_1328-768x1024.jpeg 768w, https:\/\/www.aiutu-corsu.org\/wordpress\/wp-content\/uploads\/2024\/12\/IMG_1328-225x300.jpeg 225w, https:\/\/www.aiutu-corsu.org\/wordpress\/wp-content\/uploads\/2024\/12\/IMG_1328-1152x1536.jpeg 1152w, https:\/\/www.aiutu-corsu.org\/wordpress\/wp-content\/uploads\/2024\/12\/IMG_1328-1536x2048.jpeg 1536w, https:\/\/www.aiutu-corsu.org\/wordpress\/wp-content\/uploads\/2024\/12\/IMG_1328-scaled.jpeg 1920w\" sizes=\"(max-width: 768px) 100vw, 768px\" \/><\/a><\/figure>\n<\/figure>\n\n\n\n<h2 class=\"wp-block-heading\">Le VIH\u00a0: sensibilisation par et pour les lyc\u00e9ens<\/h2>\n\n\n\n<p>En collaboration avec les \u00e9l\u00e8ves du Lyc\u00e9e Professionnel Finosello \u00e0 Ajaccio, une exposition permanente a \u00e9t\u00e9 cr\u00e9\u00e9e, visant \u00e0 faire la promotion du d\u00e9pistage, sensibiliser les lyc\u00e9ens sur les risques li\u00e9s \u00e0 la transmission du virus et faire conna\u00eetre l\u2019association afin que chacun soit inform\u00e9 des dispositifs existants \u00e0 leur port\u00e9e.<\/p>\n\n\n\n<p>A l\u2019issue de plusieurs s\u00e9ances de travail, les \u00e9l\u00e8ves ont donc eu pour mission de r\u00e9aliser un visuel coh\u00e9rent avec le message qu\u2019ils souhaitaient v\u00e9hiculer, accompagn\u00e9 d\u2019un slogan et d\u2019un court texte expliquant leur d\u00e9marche de cr\u00e9ation. Un exercice int\u00e9ressant mettant le public cible au c\u0153ur de l\u2019\u00e9laboration d\u2019une campagne de communication dont ils sont la cible principale.<\/p>\n\n\n\n<h2 class=\"wp-block-heading\">La sant\u00e9 sexuelle, tout le monde \u00e0 le droit d\u2019en parler<\/h2>\n\n\n\n<div class=\"wp-block-media-text is-stacked-on-mobile\"><figure class=\"wp-block-media-text__media\"><img loading=\"lazy\" decoding=\"async\" width=\"768\" height=\"1024\" src=\"https:\/\/www.aiutu-corsu.org\/wordpress\/wp-content\/uploads\/2024\/12\/IMG_1320-768x1024.jpeg\" alt=\"\" class=\"wp-image-6638 size-full\" srcset=\"https:\/\/www.aiutu-corsu.org\/wordpress\/wp-content\/uploads\/2024\/12\/IMG_1320-768x1024.jpeg 768w, https:\/\/www.aiutu-corsu.org\/wordpress\/wp-content\/uploads\/2024\/12\/IMG_1320-225x300.jpeg 225w, https:\/\/www.aiutu-corsu.org\/wordpress\/wp-content\/uploads\/2024\/12\/IMG_1320-1152x1536.jpeg 1152w, https:\/\/www.aiutu-corsu.org\/wordpress\/wp-content\/uploads\/2024\/12\/IMG_1320-1536x2048.jpeg 1536w, https:\/\/www.aiutu-corsu.org\/wordpress\/wp-content\/uploads\/2024\/12\/IMG_1320-scaled.jpeg 1920w\" sizes=\"(max-width: 768px) 100vw, 768px\" \/><\/figure><div class=\"wp-block-media-text__content\">\n<p>Aiutu Corsu est heureuse de la mise en place d\u2019un nouveau format d\u2019intervention aupr\u00e8s de la Mission Locale de Propriano. Pour faire \u00e9cho \u00e0 la journ\u00e9e mondiale de lutte contre le SIDA, un atelier interactif avec une offre de d\u00e9pistage a \u00e9t\u00e9 r\u00e9alis\u00e9 aupr\u00e8s des jeunes b\u00e9n\u00e9ficiaires. L\u2019occasion d\u2019aborder et de d\u00e9construire les st\u00e9r\u00e9otypes et ou id\u00e9es re\u00e7ues concernant le SIDA et les personnes porteuses du virus du VIH.<\/p>\n\n\n\n<p>Amener les publics concern\u00e9s \u00e0 r\u00e9fl\u00e9chir sur les th\u00e9matiques sur lesquelles nous souhaitons les sensibiliser est une des cl\u00e9s pour une transmission d\u2019information efficace et pertinente en fonction des acquis de toutes et tous. En preuve \u00e9tant la participation encourageante \u00e0 l\u2019offre de d\u00e9pistage propos\u00e9e \u00e0 l\u2019issue de chaque atelier.<\/p>\n<\/div><\/div>\n\n\n\n<h2 class=\"wp-block-heading\">Pour une inclusion de tous les publics<\/h2>\n\n\n\n<p>Parce que les acteurs de terrains se mobilisent et avancent pour un meilleur accompagnement de la population, une permanence d\u2019information \u00e0 \u00e9t\u00e9 mise en place avec le Centre d\u2019accueil de jour d\u2019Ajaccio \u00ab\u00a0Stella Maris\u00a0\u00bb, service de la FALEP venant en aide aux personnes en situation de grande pr\u00e9carit\u00e9, dont les personnes sans domicile fixe.<\/p>\n\n\n\n<h2 class=\"wp-block-heading\">Les usagers d\u2019Aiutu Corsu\u00a0: l\u2019essence m\u00eame de la cr\u00e9ation de la structure il y a maintenant plus de 30 ans<\/h2>\n\n\n\n<figure class=\"wp-block-image size-large\"><a href=\"https:\/\/www.aiutu-corsu.org\/wordpress\/wp-content\/uploads\/2024\/12\/COLLECTE-ALIMENTAIRE-30-Novembre-2024.png\"><img loading=\"lazy\" decoding=\"async\" width=\"724\" height=\"1024\" src=\"https:\/\/www.aiutu-corsu.org\/wordpress\/wp-content\/uploads\/2024\/12\/COLLECTE-ALIMENTAIRE-30-Novembre-2024-724x1024.png\" alt=\"\" class=\"wp-image-6639\" srcset=\"https:\/\/www.aiutu-corsu.org\/wordpress\/wp-content\/uploads\/2024\/12\/COLLECTE-ALIMENTAIRE-30-Novembre-2024-724x1024.png 724w, https:\/\/www.aiutu-corsu.org\/wordpress\/wp-content\/uploads\/2024\/12\/COLLECTE-ALIMENTAIRE-30-Novembre-2024-212x300.png 212w, https:\/\/www.aiutu-corsu.org\/wordpress\/wp-content\/uploads\/2024\/12\/COLLECTE-ALIMENTAIRE-30-Novembre-2024-768x1086.png 768w, https:\/\/www.aiutu-corsu.org\/wordpress\/wp-content\/uploads\/2024\/12\/COLLECTE-ALIMENTAIRE-30-Novembre-2024-1086x1536.png 1086w, https:\/\/www.aiutu-corsu.org\/wordpress\/wp-content\/uploads\/2024\/12\/COLLECTE-ALIMENTAIRE-30-Novembre-2024.png 1414w\" sizes=\"(max-width: 724px) 100vw, 724px\" \/><\/a><\/figure>\n\n\n\n<p>La collecte solidaire de l\u2019association est un \u00e9v\u00e8nement crucial de l\u2019ann\u00e9e. Elle permet en effet de r\u00e9colter une grande partie des denr\u00e9es alimentaires distribu\u00e9es aux usagers sur les 12 mois suivants. Une collecte organis\u00e9e symboliquement autour du 1<sup>er<\/sup> D\u00e9cembre, permettant de visibiliser les personnes vivants avec le virus du VIH pour rappeler \u00e0 la l\u2019ensemble de la population que le virus touche encore malheureusement des millions de personnes chaque ann\u00e9e, et que ces derni\u00e8res sont peut-\u00eatre plus proches qu\u2019on ne pourrait l\u2019imaginer.<\/p>\n\n\n\n<p>Un moment de solidarit\u00e9 important en cette p\u00e9riode de fin d\u2019ann\u00e9e synonyme de partage et d\u2019entraide.<\/p>\n\n\n\n<h2 class=\"wp-block-heading\">Aiutu Corsu souhaite remercier l&rsquo;ensemble des acteurs, actrices, b\u00e9n\u00e9voles, ainsi que toutes les personnes gr\u00e2ce auxquelles toutes ces actions sont r\u00e9alisables. <\/h2>\n\n\n\n<h2 class=\"wp-block-heading\">Ensemble pour un monde sans SIDA !<\/h2>\n","protected":false},"excerpt":{"rendered":"<p>A l\u2019occasion de la Journ\u00e9e Mondiale de lutte contre le SIDA, Aiutu Corsu a men\u00e9e plusieurs actions visant \u00e0 sensibiliser, informer, d\u00e9pister la population insulaire et \u00e9galement accompagner les usagers de la structure, concern\u00e9s directement ou indirectement par le virus du VIH.<\/p>\n","protected":false},"author":191,"featured_media":6641,"comment_status":"closed","ping_status":"open","sticky":false,"template":"","format":"standard","meta":{"footnotes":""},"categories":[277],"tags":[],"_links":{"self":[{"href":"https:\/\/www.aiutu-corsu.org\/wordpress\/wp-json\/wp\/v2\/posts\/6631"}],"collection":[{"href":"https:\/\/www.aiutu-corsu.org\/wordpress\/wp-json\/wp\/v2\/posts"}],"about":[{"href":"https:\/\/www.aiutu-corsu.org\/wordpress\/wp-json\/wp\/v2\/types\/post"}],"author":[{"embeddable":true,"href":"https:\/\/www.aiutu-corsu.org\/wordpress\/wp-json\/wp\/v2\/users\/191"}],"replies":[{"embeddable":true,"href":"https:\/\/www.aiutu-corsu.org\/wordpress\/wp-json\/wp\/v2\/comments?post=6631"}],"version-history":[{"count":1,"href":"https:\/\/www.aiutu-corsu.org\/wordpress\/wp-json\/wp\/v2\/posts\/6631\/revisions"}],"predecessor-version":[{"id":6642,"href":"https:\/\/www.aiutu-corsu.org\/wordpress\/wp-json\/wp\/v2\/posts\/6631\/revisions\/6642"}],"wp:featuredmedia":[{"embeddable":true,"href":"https:\/\/www.aiutu-corsu.org\/wordpress\/wp-json\/wp\/v2\/media\/6641"}],"wp:attachment":[{"href":"https:\/\/www.aiutu-corsu.org\/wordpress\/wp-json\/wp\/v2\/media?parent=6631"}],"wp:term":[{"taxonomy":"category","embeddable":true,"href":"https:\/\/www.aiutu-corsu.org\/wordpress\/wp-json\/wp\/v2\/categories?post=6631"},{"taxonomy":"post_tag","embeddable":true,"href":"https:\/\/www.aiutu-corsu.org\/wordpress\/wp-json\/wp\/v2\/tags?post=6631"}],"curies":[{"name":"wp","href":"https:\/\/api.w.org\/{rel}","templated":true}]}}