{"id":6620,"date":"2024-12-02T16:17:26","date_gmt":"2024-12-02T15:17:26","guid":{"rendered":"https:\/\/www.aiutu-corsu.org\/wordpress\/?p=6620"},"modified":"2024-12-06T10:57:34","modified_gmt":"2024-12-06T09:57:34","slug":"un-immense-merci-pour-votre-soutien-a-la-collecte-solidaire-du-30-novembre-au-profit-des-usagers-daiutu-corsu","status":"publish","type":"post","link":"https:\/\/www.aiutu-corsu.org\/wordpress\/2024\/12\/02\/un-immense-merci-pour-votre-soutien-a-la-collecte-solidaire-du-30-novembre-au-profit-des-usagers-daiutu-corsu\/","title":{"rendered":"Un immense merci pour votre soutien \u00e0 la collecte solidaire du 30 novembre au profit des usagers d\u2019Aiutu Corsu"},"content":{"rendered":"\n<p>Le 30 novembre dernier, l\u2019association Aiutu Corsu a organis\u00e9 une collecte solidaire, un \u00e9v\u00e9nement d\u2019une grande importance pour notre structure et pour les personnes que nous accompagnons. Nous souhaitons adresser nos plus sinc\u00e8res remerciements \u00e0 tous ceux et celles qui ont particip\u00e9 \u00e0 cette journ\u00e9e, qu&rsquo;il s\u2019agisse de nos pr\u00e9cieux partenaires, b\u00e9n\u00e9voles, donateurs et donatrices, mais aussi des nombreux acteurs qui ont relay\u00e9 cet \u00e9v\u00e9nement, permettant ainsi de donner une visibilit\u00e9 essentielle \u00e0 notre action.<\/p>\n\n\n\n<div class=\"wp-block-media-text is-stacked-on-mobile\"><figure class=\"wp-block-media-text__media\"><img loading=\"lazy\" decoding=\"async\" width=\"724\" height=\"1024\" src=\"https:\/\/www.aiutu-corsu.org\/wordpress\/wp-content\/uploads\/2024\/12\/COLLECTE-ALIMENTAIRE-30-Novembre-2024-2-724x1024.png\" alt=\"\" class=\"wp-image-6621 size-full\" srcset=\"https:\/\/www.aiutu-corsu.org\/wordpress\/wp-content\/uploads\/2024\/12\/COLLECTE-ALIMENTAIRE-30-Novembre-2024-2-724x1024.png 724w, https:\/\/www.aiutu-corsu.org\/wordpress\/wp-content\/uploads\/2024\/12\/COLLECTE-ALIMENTAIRE-30-Novembre-2024-2-212x300.png 212w, https:\/\/www.aiutu-corsu.org\/wordpress\/wp-content\/uploads\/2024\/12\/COLLECTE-ALIMENTAIRE-30-Novembre-2024-2-768x1086.png 768w, https:\/\/www.aiutu-corsu.org\/wordpress\/wp-content\/uploads\/2024\/12\/COLLECTE-ALIMENTAIRE-30-Novembre-2024-2-1086x1536.png 1086w, https:\/\/www.aiutu-corsu.org\/wordpress\/wp-content\/uploads\/2024\/12\/COLLECTE-ALIMENTAIRE-30-Novembre-2024-2.png 1414w\" sizes=\"(max-width: 724px) 100vw, 724px\" \/><\/figure><div class=\"wp-block-media-text__content\">\n<p>Un grand merci aux b\u00e9n\u00e9voles et aux donateurs qui ont permis, par leur g\u00e9n\u00e9rosit\u00e9, de collecter des fonds et des produits alimentaires pour les usagers de l\u2019association. Votre solidarit\u00e9 a \u00e9t\u00e9 un v\u00e9ritable soutien, apportant \u00e0 nos b\u00e9n\u00e9ficiaires non seulement une aide mat\u00e9rielle, mais aussi une occasion de cr\u00e9er un lien social dans un contexte souvent difficile. En effet, chaque mois, l\u2019aide alimentaire distribu\u00e9e permet de soulager le pouvoir d\u2019achat de ceux qui en ont besoin, tout en offrant un moment de rencontre et d\u2019\u00e9change aux personnes vivant avec le VIH, souvent isol\u00e9es par leur pr\u00e9carit\u00e9 et leur \u00e9tat de sant\u00e9.<\/p>\n<\/div><\/div>\n\n\n\n<p>Nous tenons \u00e9galement \u00e0 remercier chaleureusement toutes les structures et partenaires qui ont soutenu cet \u00e9v\u00e9nement. Un grand merci \u00e0 l\u2019<strong>Aiutu Studientinu<\/strong> pour son r\u00f4le de relais associatif et \u00e0 nos m\u00e9dias partenaires, notamment <em><strong>Corse Net Info<\/strong><\/em>, qui a diffus\u00e9 un article de presse pour relayer l\u2019importance de cette action. Nous sommes tr\u00e8s reconnaissants de l\u2019int\u00e9r\u00eat constant que vous portez \u00e0 nos actions et de votre engagement \u00e0 nous soutenir dans nos d\u00e9marches.<\/p>\n\n\n\n<div class=\"wp-block-media-text has-media-on-the-right is-stacked-on-mobile\"><div class=\"wp-block-media-text__content\">\n<p>Un immense merci \u00e9galement \u00e0 nos supermarch\u00e9s partenaires de longue date, <strong>Carrefour Rocade, Carrefour Market Mezzavia, Monoprix Ajaccio et Auchan Rocade<\/strong>. Ces enseignes ont une fois de plus r\u00e9pondu pr\u00e9sentes pour nous permettre de mener \u00e0 bien cette collecte solidaire. Leur soutien logistique et leur engagement nous sont indispensables pour accomplir cette mission.<\/p>\n<\/div><figure class=\"wp-block-media-text__media\"><img loading=\"lazy\" decoding=\"async\" width=\"768\" height=\"1024\" src=\"https:\/\/www.aiutu-corsu.org\/wordpress\/wp-content\/uploads\/2024\/12\/IMG_1341-768x1024.jpg\" alt=\"\" class=\"wp-image-6623 size-full\" srcset=\"https:\/\/www.aiutu-corsu.org\/wordpress\/wp-content\/uploads\/2024\/12\/IMG_1341-768x1024.jpg 768w, https:\/\/www.aiutu-corsu.org\/wordpress\/wp-content\/uploads\/2024\/12\/IMG_1341-225x300.jpg 225w, https:\/\/www.aiutu-corsu.org\/wordpress\/wp-content\/uploads\/2024\/12\/IMG_1341-1152x1536.jpg 1152w, https:\/\/www.aiutu-corsu.org\/wordpress\/wp-content\/uploads\/2024\/12\/IMG_1341-1536x2048.jpg 1536w, https:\/\/www.aiutu-corsu.org\/wordpress\/wp-content\/uploads\/2024\/12\/IMG_1341-scaled.jpg 1920w\" sizes=\"(max-width: 768px) 100vw, 768px\" \/><\/figure><\/div>\n\n\n\n<p>Enfin, cette collecte a une dimension symbolique particuli\u00e8re car elle se d\u00e9roule autour de la Journ\u00e9e mondiale de lutte contre le SIDA, le 1er d\u00e9cembre. Un moment cl\u00e9 pour rappeler l\u2019urgence de continuer \u00e0 soutenir les personnes vivant avec le VIH et de mener des actions concr\u00e8tes en mati\u00e8re de pr\u00e9vention et de d\u00e9pistage. Nous soulignons \u00e0 cette occasion l\u2019importance de multiplier les moyens pour rendre les d\u00e9pistages accessibles \u00e0 tous les publics, afin de lutter efficacement contre cette \u00e9pid\u00e9mie.<\/p>\n\n\n\n<div class=\"wp-block-media-text is-stacked-on-mobile\"><figure class=\"wp-block-media-text__media\"><img loading=\"lazy\" decoding=\"async\" width=\"576\" height=\"1024\" src=\"https:\/\/www.aiutu-corsu.org\/wordpress\/wp-content\/uploads\/2024\/12\/8878A25E-7EC3-4F06-BB69-5E64FD069D76-576x1024.jpg\" alt=\"\" class=\"wp-image-6622 size-full\" srcset=\"https:\/\/www.aiutu-corsu.org\/wordpress\/wp-content\/uploads\/2024\/12\/8878A25E-7EC3-4F06-BB69-5E64FD069D76-576x1024.jpg 576w, https:\/\/www.aiutu-corsu.org\/wordpress\/wp-content\/uploads\/2024\/12\/8878A25E-7EC3-4F06-BB69-5E64FD069D76-169x300.jpg 169w, https:\/\/www.aiutu-corsu.org\/wordpress\/wp-content\/uploads\/2024\/12\/8878A25E-7EC3-4F06-BB69-5E64FD069D76-768x1365.jpg 768w, https:\/\/www.aiutu-corsu.org\/wordpress\/wp-content\/uploads\/2024\/12\/8878A25E-7EC3-4F06-BB69-5E64FD069D76-864x1536.jpg 864w, https:\/\/www.aiutu-corsu.org\/wordpress\/wp-content\/uploads\/2024\/12\/8878A25E-7EC3-4F06-BB69-5E64FD069D76-1152x2048.jpg 1152w, https:\/\/www.aiutu-corsu.org\/wordpress\/wp-content\/uploads\/2024\/12\/8878A25E-7EC3-4F06-BB69-5E64FD069D76.jpg 1170w\" sizes=\"(max-width: 576px) 100vw, 576px\" \/><\/figure><div class=\"wp-block-media-text__content\">\n<p>Une fois de plus, merci \u00e0 toutes et \u00e0 tous, partenaires, b\u00e9n\u00e9voles, donateurs et relais m\u00e9diatiques, pour votre solidarit\u00e9 et votre soutien pr\u00e9cieux. Gr\u00e2ce \u00e0 vous, nous pouvons continuer \u00e0 accompagner les personnes vivant avec le VIH sur le territoire corse, en leur offrant \u00e0 la fois un soutien mat\u00e9riel, social et humain, afin de lutter ensemble contre l\u2019isolement et la pr\u00e9carit\u00e9.<\/p>\n\n\n\n<p>Merci encore pour votre engagement !<\/p>\n<\/div><\/div>\n","protected":false},"excerpt":{"rendered":"<p>Une journ\u00e9e de solidarit\u00e9 riche en \u00e9motion et en solidarit\u00e9 au profit des usagers de l&rsquo;association. Une occasion de faire un rappel sur l&rsquo;existence du VIH aupr\u00e8s de la population, afin que toutes et tous soient visibles et consid\u00e9r\u00e9s <\/p>\n","protected":false},"author":191,"featured_media":6628,"comment_status":"closed","ping_status":"open","sticky":true,"template":"","format":"standard","meta":{"footnotes":""},"categories":[277],"tags":[],"_links":{"self":[{"href":"https:\/\/www.aiutu-corsu.org\/wordpress\/wp-json\/wp\/v2\/posts\/6620"}],"collection":[{"href":"https:\/\/www.aiutu-corsu.org\/wordpress\/wp-json\/wp\/v2\/posts"}],"about":[{"href":"https:\/\/www.aiutu-corsu.org\/wordpress\/wp-json\/wp\/v2\/types\/post"}],"author":[{"embeddable":true,"href":"https:\/\/www.aiutu-corsu.org\/wordpress\/wp-json\/wp\/v2\/users\/191"}],"replies":[{"embeddable":true,"href":"https:\/\/www.aiutu-corsu.org\/wordpress\/wp-json\/wp\/v2\/comments?post=6620"}],"version-history":[{"count":2,"href":"https:\/\/www.aiutu-corsu.org\/wordpress\/wp-json\/wp\/v2\/posts\/6620\/revisions"}],"predecessor-version":[{"id":6625,"href":"https:\/\/www.aiutu-corsu.org\/wordpress\/wp-json\/wp\/v2\/posts\/6620\/revisions\/6625"}],"wp:featuredmedia":[{"embeddable":true,"href":"https:\/\/www.aiutu-corsu.org\/wordpress\/wp-json\/wp\/v2\/media\/6628"}],"wp:attachment":[{"href":"https:\/\/www.aiutu-corsu.org\/wordpress\/wp-json\/wp\/v2\/media?parent=6620"}],"wp:term":[{"taxonomy":"category","embeddable":true,"href":"https:\/\/www.aiutu-corsu.org\/wordpress\/wp-json\/wp\/v2\/categories?post=6620"},{"taxonomy":"post_tag","embeddable":true,"href":"https:\/\/www.aiutu-corsu.org\/wordpress\/wp-json\/wp\/v2\/tags?post=6620"}],"curies":[{"name":"wp","href":"https:\/\/api.w.org\/{rel}","templated":true}]}}