{"id":6556,"date":"2024-07-24T13:45:16","date_gmt":"2024-07-24T12:45:16","guid":{"rendered":"https:\/\/www.aiutu-corsu.org\/wordpress\/?p=6556"},"modified":"2024-07-24T13:45:18","modified_gmt":"2024-07-24T12:45:18","slug":"calvi-on-the-rocks-2024","status":"publish","type":"post","link":"https:\/\/www.aiutu-corsu.org\/wordpress\/2024\/07\/24\/calvi-on-the-rocks-2024\/","title":{"rendered":"CALVI ON THE ROCKS 2024"},"content":{"rendered":"\n<div class=\"wp-block-media-text is-stacked-on-mobile\"><figure class=\"wp-block-media-text__media\"><img loading=\"lazy\" decoding=\"async\" width=\"768\" height=\"1024\" src=\"https:\/\/www.aiutu-corsu.org\/wordpress\/wp-content\/uploads\/2024\/07\/IMG_4904-768x1024.jpg\" alt=\"\" class=\"wp-image-6557 size-full\" srcset=\"https:\/\/www.aiutu-corsu.org\/wordpress\/wp-content\/uploads\/2024\/07\/IMG_4904-768x1024.jpg 768w, https:\/\/www.aiutu-corsu.org\/wordpress\/wp-content\/uploads\/2024\/07\/IMG_4904-225x300.jpg 225w, https:\/\/www.aiutu-corsu.org\/wordpress\/wp-content\/uploads\/2024\/07\/IMG_4904-1152x1536.jpg 1152w, https:\/\/www.aiutu-corsu.org\/wordpress\/wp-content\/uploads\/2024\/07\/IMG_4904-1536x2048.jpg 1536w, https:\/\/www.aiutu-corsu.org\/wordpress\/wp-content\/uploads\/2024\/07\/IMG_4904-scaled.jpg 1920w\" sizes=\"(max-width: 768px) 100vw, 768px\" \/><\/figure><div class=\"wp-block-media-text__content\">\n<p>L&rsquo;\u00e9quipe d&rsquo;Aiutu Corsu, accompagn\u00e9e de l&rsquo;association C3S, s&rsquo;est rendu sur le festival de Calvi On the Rocks pour une soir\u00e9e de pr\u00e9vention aupr\u00e8s du public festivalier. <\/p>\n\n\n\n<p>Pour cette \u00e9dition, la configuration ayant chang\u00e9e, les lieux nous ont permis d&rsquo;acc\u00e9der \u00e0 tous les participants de mani\u00e8re impactante en distribuant du mat\u00e9riel de pr\u00e9vention \u00e0 chacun avant leur entr\u00e9e dans l&rsquo;enceinte du festival. <\/p>\n\n\n\n<p>Une offre de d\u00e9pistage VIH &amp; VHC leur \u00e9tait \u00e9galement accessible. Une occasion pour certain d&rsquo;avoir un rappel des situations \u00e0 risques auxquelles ils pourraient \u00eatre expos\u00e9s, ainsi que les moyens de pr\u00e9venir au mieux toute contamination. <\/p>\n<\/div><\/div>\n\n\n\n<div class=\"wp-block-media-text is-stacked-on-mobile\"><figure class=\"wp-block-media-text__media\"><img loading=\"lazy\" decoding=\"async\" width=\"724\" height=\"1024\" src=\"https:\/\/www.aiutu-corsu.org\/wordpress\/wp-content\/uploads\/2024\/07\/1-2-724x1024.png\" alt=\"\" class=\"wp-image-6558 size-full\" srcset=\"https:\/\/www.aiutu-corsu.org\/wordpress\/wp-content\/uploads\/2024\/07\/1-2-724x1024.png 724w, https:\/\/www.aiutu-corsu.org\/wordpress\/wp-content\/uploads\/2024\/07\/1-2-212x300.png 212w, https:\/\/www.aiutu-corsu.org\/wordpress\/wp-content\/uploads\/2024\/07\/1-2-768x1086.png 768w, https:\/\/www.aiutu-corsu.org\/wordpress\/wp-content\/uploads\/2024\/07\/1-2-1086x1536.png 1086w, https:\/\/www.aiutu-corsu.org\/wordpress\/wp-content\/uploads\/2024\/07\/1-2.png 1414w\" sizes=\"(max-width: 724px) 100vw, 724px\" \/><\/figure><div class=\"wp-block-media-text__content\">\n<p><strong><em>Afin de renforcer la campagne de promotion du d\u00e9pistage sur le territoire insulaire, un support de pr\u00e9vention a \u00e9t\u00e9 cr\u00e9er sp\u00e9cialement \u00e0 destination de ce public.  <\/em><\/strong><\/p>\n\n\n\n<figure class=\"wp-block-image size-large\"><a href=\"https:\/\/www.aiutu-corsu.org\/wordpress\/wp-content\/uploads\/2024\/07\/2-2.png\"><img loading=\"lazy\" decoding=\"async\" width=\"724\" height=\"1024\" src=\"https:\/\/www.aiutu-corsu.org\/wordpress\/wp-content\/uploads\/2024\/07\/2-2-724x1024.png\" alt=\"\" class=\"wp-image-6559\" srcset=\"https:\/\/www.aiutu-corsu.org\/wordpress\/wp-content\/uploads\/2024\/07\/2-2-724x1024.png 724w, https:\/\/www.aiutu-corsu.org\/wordpress\/wp-content\/uploads\/2024\/07\/2-2-212x300.png 212w, https:\/\/www.aiutu-corsu.org\/wordpress\/wp-content\/uploads\/2024\/07\/2-2-768x1086.png 768w, https:\/\/www.aiutu-corsu.org\/wordpress\/wp-content\/uploads\/2024\/07\/2-2-1086x1536.png 1086w, https:\/\/www.aiutu-corsu.org\/wordpress\/wp-content\/uploads\/2024\/07\/2-2.png 1414w\" sizes=\"(max-width: 724px) 100vw, 724px\" \/><\/a><\/figure>\n<\/div><\/div>\n","protected":false},"excerpt":{"rendered":"<p>L&rsquo;\u00e9quipe d&rsquo;Aiutu Corsu, accompagn\u00e9e de l&rsquo;association C3S, s&rsquo;est rendu sur le festival de Calvi On the Rocks pour une soir\u00e9e de pr\u00e9vention aupr\u00e8s du public festivalier. <\/p>\n","protected":false},"author":191,"featured_media":6561,"comment_status":"closed","ping_status":"open","sticky":false,"template":"","format":"standard","meta":{"footnotes":""},"categories":[277],"tags":[61,273,156,183],"_links":{"self":[{"href":"https:\/\/www.aiutu-corsu.org\/wordpress\/wp-json\/wp\/v2\/posts\/6556"}],"collection":[{"href":"https:\/\/www.aiutu-corsu.org\/wordpress\/wp-json\/wp\/v2\/posts"}],"about":[{"href":"https:\/\/www.aiutu-corsu.org\/wordpress\/wp-json\/wp\/v2\/types\/post"}],"author":[{"embeddable":true,"href":"https:\/\/www.aiutu-corsu.org\/wordpress\/wp-json\/wp\/v2\/users\/191"}],"replies":[{"embeddable":true,"href":"https:\/\/www.aiutu-corsu.org\/wordpress\/wp-json\/wp\/v2\/comments?post=6556"}],"version-history":[{"count":2,"href":"https:\/\/www.aiutu-corsu.org\/wordpress\/wp-json\/wp\/v2\/posts\/6556\/revisions"}],"predecessor-version":[{"id":6563,"href":"https:\/\/www.aiutu-corsu.org\/wordpress\/wp-json\/wp\/v2\/posts\/6556\/revisions\/6563"}],"wp:featuredmedia":[{"embeddable":true,"href":"https:\/\/www.aiutu-corsu.org\/wordpress\/wp-json\/wp\/v2\/media\/6561"}],"wp:attachment":[{"href":"https:\/\/www.aiutu-corsu.org\/wordpress\/wp-json\/wp\/v2\/media?parent=6556"}],"wp:term":[{"taxonomy":"category","embeddable":true,"href":"https:\/\/www.aiutu-corsu.org\/wordpress\/wp-json\/wp\/v2\/categories?post=6556"},{"taxonomy":"post_tag","embeddable":true,"href":"https:\/\/www.aiutu-corsu.org\/wordpress\/wp-json\/wp\/v2\/tags?post=6556"}],"curies":[{"name":"wp","href":"https:\/\/api.w.org\/{rel}","templated":true}]}}