{"id":6498,"date":"2024-04-23T09:58:39","date_gmt":"2024-04-23T08:58:39","guid":{"rendered":"https:\/\/www.aiutu-corsu.org\/wordpress\/?p=6498"},"modified":"2024-04-23T09:58:41","modified_gmt":"2024-04-23T08:58:41","slug":"journee-prevention-au-coeur-des-villages","status":"publish","type":"post","link":"https:\/\/www.aiutu-corsu.org\/wordpress\/2024\/04\/23\/journee-prevention-au-coeur-des-villages\/","title":{"rendered":"Journ\u00e9e pr\u00e9vention au c\u0153ur des villages"},"content":{"rendered":"\n<p><strong>L&rsquo;\u00e9galit\u00e9 d&rsquo;acc\u00e8s \u00e0 la pr\u00e9vention en mati\u00e8re de sant\u00e9 sexuelle doit \u00eatre facilit\u00e9e.<\/strong> C&rsquo;est pour cette raison que lorsque l&rsquo;association Podcastu nous a invit\u00e9 \u00e0 rejoindre ce projet d&rsquo;action de pr\u00e9vention aupr\u00e8s de la population rurale, Aiutu Corsu a imm\u00e9diatement r\u00e9pondu pr\u00e9sent. Afin de pouvoir balayer l&rsquo;ensemble de notre sujet et pouvoir apporter un maximum de r\u00e9ponses \u00e0 nos interlocuteurs, l&rsquo;\u00e9quipe de C3S \u00e9tait \u00e9galement de la partie. <\/p>\n\n\n\n<p><strong>Pour cette premi\u00e8re exp\u00e9rience, nous avons eu le plaisir d&rsquo;\u00eatre accueilli par la m\u00e9diath\u00e8que de Petreto-Bicchisano. Elle a pour habitude de r\u00e9unir les habitants des communes voisines autour de rendez-vous culturels, permettant de cr\u00e9er du lien les uns avec les autres. <\/strong><\/p>\n\n\n\n<div class=\"wp-block-group is-nowrap is-layout-flex wp-container-core-group-layout-4 wp-block-group-is-layout-flex\">\n<div class=\"wp-block-group is-vertical is-layout-flex wp-container-core-group-layout-3 wp-block-group-is-layout-flex\">\n<div class=\"wp-block-group is-vertical is-layout-flex wp-container-core-group-layout-2 wp-block-group-is-layout-flex\">\n<p>La directrice du site nous a d&rsquo;ailleurs fait part  de la r\u00e9ceptivit\u00e9 de la population aux diverses activit\u00e9s propos\u00e9es tout au long de l&rsquo;ann\u00e9e. Ce lieu privil\u00e9gi\u00e9 nous a donc permis de comprendre les besoins de ce public bien souvent discrimin\u00e9 du fait de leur situation g\u00e9ographique. <\/p>\n\n\n\n<p>La Corse poss\u00e8de effectivement cette particularit\u00e9 de relief, comme toute \u00eele, qui peut rapidement rendre difficile l&rsquo;acc\u00e8s \u00e0 certains villages. Et pourtant, les personnes que nous avons pu rencontrer, autant le public s\u00e9nior que les jeunes coll\u00e9giens, sont concern\u00e9s par la sant\u00e9 sexuelle, au sens aussi large puisse-t-il \u00eatre. <\/p>\n\n\n\n<div class=\"wp-block-group is-nowrap is-layout-flex wp-container-core-group-layout-1 wp-block-group-is-layout-flex\">\n<div class=\"wp-block-media-text is-stacked-on-mobile\"><figure class=\"wp-block-media-text__media\"><img loading=\"lazy\" decoding=\"async\" width=\"768\" height=\"1024\" src=\"https:\/\/www.aiutu-corsu.org\/wordpress\/wp-content\/uploads\/2024\/04\/IMG_4435-1-768x1024.jpg\" alt=\"\" class=\"wp-image-6504 size-full\" srcset=\"https:\/\/www.aiutu-corsu.org\/wordpress\/wp-content\/uploads\/2024\/04\/IMG_4435-1-768x1024.jpg 768w, https:\/\/www.aiutu-corsu.org\/wordpress\/wp-content\/uploads\/2024\/04\/IMG_4435-1-225x300.jpg 225w, https:\/\/www.aiutu-corsu.org\/wordpress\/wp-content\/uploads\/2024\/04\/IMG_4435-1-1152x1536.jpg 1152w, https:\/\/www.aiutu-corsu.org\/wordpress\/wp-content\/uploads\/2024\/04\/IMG_4435-1-1536x2048.jpg 1536w, https:\/\/www.aiutu-corsu.org\/wordpress\/wp-content\/uploads\/2024\/04\/IMG_4435-1-scaled.jpg 1920w\" sizes=\"(max-width: 768px) 100vw, 768px\" \/><\/figure><div class=\"wp-block-media-text__content\">\n<p>A la fin de cette journ\u00e9e, il nous semble que les discours recueillis font directement \u00e9cho \u00e0 l&rsquo;intervention effectu\u00e9e \u00e0 l&rsquo;universit\u00e9 de Corte (cf article \u00ab\u00a0Pr\u00e9vention &amp; Education\u00a0\u00bb). <\/p>\n\n\n\n<p><strong>Plus l&rsquo;acc\u00e8s \u00e0 la pr\u00e9vention sera int\u00e9gr\u00e9e et \u00e9voqu\u00e9e t\u00f4t dans l&rsquo;\u00e9volution des futurs adultes, au sein du cercle familial et\/ou au cours du parcours scolaire, plus la diffusion de l&rsquo;information sera fluide. Une bonne communication reste la cl\u00e9 de tout apprentissage. <\/strong><\/p>\n\n\n\n<p>C&rsquo;est d&rsquo;une seule voix que toutes les personnes venues nous rencontrer au cours de la journ\u00e9e, nous invitent d\u00e9j\u00e0 \u00e0 revenir, et ce sera \u00e9videmment avec grand plaisir.  <\/p>\n<\/div><\/div>\n<\/div>\n<\/div>\n<\/div>\n<\/div>\n","protected":false},"excerpt":{"rendered":"<p>Aiutu Corsu, invit\u00e9e de Podcastu sur les routes \u00e0 la rencontre de la population rurale de l\u2019\u00eele.<br \/>\nNotre arr\u00eat ? La m\u00e9diath\u00e8que de Petreto Bicchisano o\u00f9 nous avons pu parler \u00ab sant\u00e9 sexuelle \u00bb aupr\u00e8s de publics seniors et jeunes, des discussions riches en enseignements pour chacun.<\/p>\n","protected":false},"author":191,"featured_media":6502,"comment_status":"closed","ping_status":"open","sticky":false,"template":"","format":"standard","meta":{"footnotes":""},"categories":[277],"tags":[61,156,272,183],"_links":{"self":[{"href":"https:\/\/www.aiutu-corsu.org\/wordpress\/wp-json\/wp\/v2\/posts\/6498"}],"collection":[{"href":"https:\/\/www.aiutu-corsu.org\/wordpress\/wp-json\/wp\/v2\/posts"}],"about":[{"href":"https:\/\/www.aiutu-corsu.org\/wordpress\/wp-json\/wp\/v2\/types\/post"}],"author":[{"embeddable":true,"href":"https:\/\/www.aiutu-corsu.org\/wordpress\/wp-json\/wp\/v2\/users\/191"}],"replies":[{"embeddable":true,"href":"https:\/\/www.aiutu-corsu.org\/wordpress\/wp-json\/wp\/v2\/comments?post=6498"}],"version-history":[{"count":2,"href":"https:\/\/www.aiutu-corsu.org\/wordpress\/wp-json\/wp\/v2\/posts\/6498\/revisions"}],"predecessor-version":[{"id":6505,"href":"https:\/\/www.aiutu-corsu.org\/wordpress\/wp-json\/wp\/v2\/posts\/6498\/revisions\/6505"}],"wp:featuredmedia":[{"embeddable":true,"href":"https:\/\/www.aiutu-corsu.org\/wordpress\/wp-json\/wp\/v2\/media\/6502"}],"wp:attachment":[{"href":"https:\/\/www.aiutu-corsu.org\/wordpress\/wp-json\/wp\/v2\/media?parent=6498"}],"wp:term":[{"taxonomy":"category","embeddable":true,"href":"https:\/\/www.aiutu-corsu.org\/wordpress\/wp-json\/wp\/v2\/categories?post=6498"},{"taxonomy":"post_tag","embeddable":true,"href":"https:\/\/www.aiutu-corsu.org\/wordpress\/wp-json\/wp\/v2\/tags?post=6498"}],"curies":[{"name":"wp","href":"https:\/\/api.w.org\/{rel}","templated":true}]}}