{"id":6347,"date":"2024-01-11T14:42:35","date_gmt":"2024-01-11T13:42:35","guid":{"rendered":"https:\/\/www.aiutu-corsu.org\/wordpress\/?p=6347"},"modified":"2024-01-11T15:12:03","modified_gmt":"2024-01-11T14:12:03","slug":"prevention-calvi-on-the-rocks-les-2-et-3-juillet-2023","status":"publish","type":"post","link":"https:\/\/www.aiutu-corsu.org\/wordpress\/2024\/01\/11\/prevention-calvi-on-the-rocks-les-2-et-3-juillet-2023\/","title":{"rendered":"Pr\u00e9vention \u00ab\u00a0Calvi on the Rocks\u00a0\u00bb les 2 et 3 juillet 2023"},"content":{"rendered":"\n<p>Aiutu Corsu, Paule MAERTEN et Addictions France se sont retrouv\u00e9s  pour intervenir sur ce c\u00e9l\u00e8bre festival musical, tr\u00e8s fr\u00e9quent\u00e9 par le public jeune de tout horizons.<\/p>\n\n\n\n<div class=\"wp-block-image\"><figure class=\"alignright size-large is-resized\"><img loading=\"lazy\" decoding=\"async\" src=\"https:\/\/www.aiutu-corsu.org\/wordpress\/wp-content\/uploads\/2024\/01\/calvi-2.jpg\" alt=\"\" class=\"wp-image-6348\" width=\"194\" height=\"194\" srcset=\"https:\/\/www.aiutu-corsu.org\/wordpress\/wp-content\/uploads\/2024\/01\/calvi-2.jpg 206w, https:\/\/www.aiutu-corsu.org\/wordpress\/wp-content\/uploads\/2024\/01\/calvi-2-150x150.jpg 150w\" sizes=\"(max-width: 194px) 100vw, 194px\" \/><\/figure><\/div>\n\n\n\n<p>De nombreux entretiens et distributions de mat\u00e9riel (capote de verre, pr\u00e9servatifs, bouchon d&rsquo;oreille, roule-ta-paille, \u00e9thylotests&#8230;) ont jalonn\u00e9 ces deux journ\u00e9es dans une ambiance musicale endiabl\u00e9e. <\/p>\n\n\n\n<p><\/p>\n","protected":false},"excerpt":{"rendered":"<p>Aiutu Corsu, Paule MAERTEN et Addictions France se sont retrouv\u00e9s pour intervenir sur ce c\u00e9l\u00e8bre festival musical, tr\u00e8s fr\u00e9quent\u00e9 par le public jeune de tout horizons. De nombreux entretiens et distributions de mat\u00e9riel (capote de verre, pr\u00e9servatifs, bouchon d&rsquo;oreille, roule-ta-paille, \u00e9thylotests&#8230;) ont jalonn\u00e9 ces deux journ\u00e9es dans une ambiance musicale endiabl\u00e9e.<\/p>\n","protected":false},"author":191,"featured_media":6415,"comment_status":"closed","ping_status":"open","sticky":false,"template":"","format":"standard","meta":{"footnotes":""},"categories":[242],"tags":[273,111,265,156],"_links":{"self":[{"href":"https:\/\/www.aiutu-corsu.org\/wordpress\/wp-json\/wp\/v2\/posts\/6347"}],"collection":[{"href":"https:\/\/www.aiutu-corsu.org\/wordpress\/wp-json\/wp\/v2\/posts"}],"about":[{"href":"https:\/\/www.aiutu-corsu.org\/wordpress\/wp-json\/wp\/v2\/types\/post"}],"author":[{"embeddable":true,"href":"https:\/\/www.aiutu-corsu.org\/wordpress\/wp-json\/wp\/v2\/users\/191"}],"replies":[{"embeddable":true,"href":"https:\/\/www.aiutu-corsu.org\/wordpress\/wp-json\/wp\/v2\/comments?post=6347"}],"version-history":[{"count":2,"href":"https:\/\/www.aiutu-corsu.org\/wordpress\/wp-json\/wp\/v2\/posts\/6347\/revisions"}],"predecessor-version":[{"id":6369,"href":"https:\/\/www.aiutu-corsu.org\/wordpress\/wp-json\/wp\/v2\/posts\/6347\/revisions\/6369"}],"wp:featuredmedia":[{"embeddable":true,"href":"https:\/\/www.aiutu-corsu.org\/wordpress\/wp-json\/wp\/v2\/media\/6415"}],"wp:attachment":[{"href":"https:\/\/www.aiutu-corsu.org\/wordpress\/wp-json\/wp\/v2\/media?parent=6347"}],"wp:term":[{"taxonomy":"category","embeddable":true,"href":"https:\/\/www.aiutu-corsu.org\/wordpress\/wp-json\/wp\/v2\/categories?post=6347"},{"taxonomy":"post_tag","embeddable":true,"href":"https:\/\/www.aiutu-corsu.org\/wordpress\/wp-json\/wp\/v2\/tags?post=6347"}],"curies":[{"name":"wp","href":"https:\/\/api.w.org\/{rel}","templated":true}]}}