{"id":608,"date":"2011-12-03T14:08:10","date_gmt":"2011-12-03T13:08:10","guid":{"rendered":"http:\/\/www.aiutu-corsu.org\/wordpress\/?p=608"},"modified":"2020-09-14T10:04:42","modified_gmt":"2020-09-14T09:04:42","slug":"emission-radio-alta-frequenza-a-loccasion-du-1er-decembre","status":"publish","type":"post","link":"https:\/\/www.aiutu-corsu.org\/wordpress\/2011\/12\/03\/emission-radio-alta-frequenza-a-loccasion-du-1er-decembre\/","title":{"rendered":"Emission Radio Alta Frequenza \u00e0 l&rsquo;occasion du 1er decembre"},"content":{"rendered":"<figure id=\"attachment_622\" aria-describedby=\"caption-attachment-622\" style=\"width: 300px\" class=\"wp-caption alignleft\"><a href=\"http:\/\/www.aiutu-corsu.org\/wordpress\/wp-content\/uploads\/2011\/12\/Photo0175.jpg\"><img loading=\"lazy\" decoding=\"async\" class=\"size-medium wp-image-622\" title=\"Emision Radio Alta Frenquenza\" src=\"http:\/\/www.aiutu-corsu.org\/wordpress\/wp-content\/uploads\/2011\/12\/Photo0175-300x225.jpg\" alt=\"\" width=\"300\" height=\"225\" srcset=\"https:\/\/www.aiutu-corsu.org\/wordpress\/wp-content\/uploads\/2011\/12\/Photo0175-300x225.jpg 300w, https:\/\/www.aiutu-corsu.org\/wordpress\/wp-content\/uploads\/2011\/12\/Photo0175-1024x768.jpg 1024w, https:\/\/www.aiutu-corsu.org\/wordpress\/wp-content\/uploads\/2011\/12\/Photo0175.jpg 2048w\" sizes=\"(max-width: 300px) 100vw, 300px\" \/><\/a><figcaption id=\"caption-attachment-622\" class=\"wp-caption-text\">Emision Radio Alta Frenquenza<\/figcaption><\/figure>\n<figure id=\"attachment_623\" aria-describedby=\"caption-attachment-623\" style=\"width: 300px\" class=\"wp-caption alignright\"><a href=\"http:\/\/www.aiutu-corsu.org\/wordpress\/wp-content\/uploads\/2011\/12\/Photo0189.jpg\"><img loading=\"lazy\" decoding=\"async\" class=\"size-medium wp-image-623\" title=\"Emision Radio Alta Frenquenza\" src=\"http:\/\/www.aiutu-corsu.org\/wordpress\/wp-content\/uploads\/2011\/12\/Photo0189-300x225.jpg\" alt=\"\" width=\"300\" height=\"225\" srcset=\"https:\/\/www.aiutu-corsu.org\/wordpress\/wp-content\/uploads\/2011\/12\/Photo0189-300x225.jpg 300w, https:\/\/www.aiutu-corsu.org\/wordpress\/wp-content\/uploads\/2011\/12\/Photo0189-1024x768.jpg 1024w, https:\/\/www.aiutu-corsu.org\/wordpress\/wp-content\/uploads\/2011\/12\/Photo0189.jpg 2048w\" sizes=\"(max-width: 300px) 100vw, 300px\" \/><\/a><figcaption id=\"caption-attachment-623\" class=\"wp-caption-text\">Emision Radio Alta Frenquenza<\/figcaption><\/figure>\n<p>A l&rsquo;occasion de la Journ\u00e9e mondiale de lutte contre le SIDA jeudi 1er d\u00e9cembre 2011, la radio Alta Frenquenza recevait notre associu Aiutu Corsu dans une \u00e9mission pr\u00e9sent\u00e9e par Maria Lanfranchi le mardi 29 novembre dernier. Les participants \u00e0 l&rsquo;\u00e9mission : Sylvie Marcaggi (Pr\u00e9sidente de l&rsquo;associu), Ugo Arena (Vice  pr\u00e9sident) et Anabelle Pagano (nutritioniste).<\/p>\n<p><a href=\"http:\/\/www.alta-frequenza.com\/videos\/corsic_associu_avec_l_associu_aiutu_corsu_52263\">Cliquer sur le lien pour acc\u00e9der \u00e0 la vid\u00e9o de l&rsquo;\u00e9mission radio <\/a><\/p>\n","protected":false},"excerpt":{"rendered":"<p>A l&rsquo;occasion de la Journ\u00e9e mondiale de lutte contre le SIDA jeudi 1er d\u00e9cembre 2011, la radio Alta Frenquenza recevait notre associu Aiutu Corsu dans une \u00e9mission pr\u00e9sent\u00e9e par Maria Lanfranchi le mardi 29 novembre dernier. Les participants \u00e0 l&rsquo;\u00e9mission : Sylvie Marcaggi (Pr\u00e9sidente de l&rsquo;associu), Ugo Arena (Vice pr\u00e9sident) et Anabelle Pagano (nutritioniste). Cliquer [&hellip;]<\/p>\n","protected":false},"author":191,"featured_media":622,"comment_status":"closed","ping_status":"open","sticky":false,"template":"","format":"standard","meta":{"footnotes":""},"categories":[3],"tags":[29,30],"_links":{"self":[{"href":"https:\/\/www.aiutu-corsu.org\/wordpress\/wp-json\/wp\/v2\/posts\/608"}],"collection":[{"href":"https:\/\/www.aiutu-corsu.org\/wordpress\/wp-json\/wp\/v2\/posts"}],"about":[{"href":"https:\/\/www.aiutu-corsu.org\/wordpress\/wp-json\/wp\/v2\/types\/post"}],"author":[{"embeddable":true,"href":"https:\/\/www.aiutu-corsu.org\/wordpress\/wp-json\/wp\/v2\/users\/191"}],"replies":[{"embeddable":true,"href":"https:\/\/www.aiutu-corsu.org\/wordpress\/wp-json\/wp\/v2\/comments?post=608"}],"version-history":[{"count":15,"href":"https:\/\/www.aiutu-corsu.org\/wordpress\/wp-json\/wp\/v2\/posts\/608\/revisions"}],"predecessor-version":[{"id":4659,"href":"https:\/\/www.aiutu-corsu.org\/wordpress\/wp-json\/wp\/v2\/posts\/608\/revisions\/4659"}],"wp:featuredmedia":[{"embeddable":true,"href":"https:\/\/www.aiutu-corsu.org\/wordpress\/wp-json\/wp\/v2\/media\/622"}],"wp:attachment":[{"href":"https:\/\/www.aiutu-corsu.org\/wordpress\/wp-json\/wp\/v2\/media?parent=608"}],"wp:term":[{"taxonomy":"category","embeddable":true,"href":"https:\/\/www.aiutu-corsu.org\/wordpress\/wp-json\/wp\/v2\/categories?post=608"},{"taxonomy":"post_tag","embeddable":true,"href":"https:\/\/www.aiutu-corsu.org\/wordpress\/wp-json\/wp\/v2\/tags?post=608"}],"curies":[{"name":"wp","href":"https:\/\/api.w.org\/{rel}","templated":true}]}}