{"id":5604,"date":"2021-12-10T11:15:38","date_gmt":"2021-12-10T10:15:38","guid":{"rendered":"https:\/\/www.aiutu-corsu.org\/wordpress\/?p=5604"},"modified":"2021-12-10T11:16:15","modified_gmt":"2021-12-10T10:16:15","slug":"expo-vih-sida-lepidemie-nest-pas-finie-au-mucem-de-marseille","status":"publish","type":"post","link":"https:\/\/www.aiutu-corsu.org\/wordpress\/2021\/12\/10\/expo-vih-sida-lepidemie-nest-pas-finie-au-mucem-de-marseille\/","title":{"rendered":"Expo \u00ab\u00a0VIH\/sida &#8211; L\u2019\u00e9pid\u00e9mie n\u2019est pas finie !\u00a0\u00bb au Mucem de Marseille"},"content":{"rendered":"\n<h3 class=\"wp-block-heading\">Au Mucem de Marseille, du mercredi 15 d\u00e9cembre 2021 au lundi 2 mai 2022<\/h3>\n\n\n\n<figure class=\"wp-block-embed-youtube wp-block-embed is-type-video is-provider-youtube wp-embed-aspect-16-9 wp-has-aspect-ratio\"><div class=\"wp-block-embed__wrapper\">\n<iframe loading=\"lazy\" title=\"Bande-annonce de l&#039;exposition \u00ab VIH\/sida, l\u2019\u00e9pid\u00e9mie n\u2019est pas finie ! \u00bb\" width=\"500\" height=\"281\" src=\"https:\/\/www.youtube.com\/embed\/pY3H6JsowLA?feature=oembed\" frameborder=\"0\" allow=\"accelerometer; autoplay; clipboard-write; encrypted-media; gyroscope; picture-in-picture\" allowfullscreen><\/iframe>\n<\/div><figcaption>Bande-annonce de l&rsquo;exposition \u00ab\u00a0VIH\/sida &#8211; L&rsquo;\u00e9pid\u00e9mie n&rsquo;est pas finie !\u00a0\u00bb<\/figcaption><\/figure>\n\n\n\n<p>L\u2019exposition \u00ab&nbsp;VIH\/sida, l\u2019\u00e9pid\u00e9mie n\u2019est pas finie&nbsp;!&nbsp;\u00bb retrace l\u2019histoire sociale et politique du sida. Posant un regard \u00e0 la fois r\u00e9trospectif et contemporain sur l\u2019\u00e9pid\u00e9mie comme sur les mobilisations qu\u2019elle a engendr\u00e9es, elle souhaite elle-m\u00eame contribuer \u00e0 la lutte. En effet, mettre le sida au mus\u00e9e, ce n\u2019est pas l\u2019enterrer&nbsp;; c\u2019est r\u00e9affirmer au contraire toute son actualit\u00e9, comme le montre le titre de l\u2019exposition qui reprend un slogan historique d\u2019Act Up&nbsp;: \u00ab&nbsp;L\u2019\u00e9pid\u00e9mie n\u2019est pas finie&nbsp;!&nbsp;\u00bb<\/p>\n\n\n\n<p>En juillet 1981 est publi\u00e9 dans le&nbsp;<em>New York Times<\/em>&nbsp;le premier article de presse relatif au sida, \u00e9voquant des cas de cancer chez des hommes homosexuels. Si en 1983, on \u00e9carte l\u2019hypoth\u00e8se d\u2019une maladie uniquement homosexuelle, on pointe alors du doigt les \u00ab&nbsp;4H&nbsp;\u00bb&nbsp;: homosexuels, h\u00e9ro\u00efnomanes, h\u00e9mophiles, Ha\u00eftiens. La victime est aussi l\u2019accus\u00e9e et sa stigmatisation passe par des propositions de mise en quarantaine, des moyens disproportionn\u00e9s de protection, et la r\u00e9probation de cat\u00e9gories sociales touch\u00e9es et jug\u00e9es responsables. Dans le m\u00eame temps, la d\u00e9signation de ces \u00ab&nbsp;groupes \u00e0 risques&nbsp;\u00bb va invisibiliser d\u2019autres situations d\u2019exposition au virus, dont t\u00e9moignent l\u2019activisme des femmes et les initiatives en faveur de la prise en compte des enfants et adolescents. L\u2019\u00e9pid\u00e9mie est un choc pour la soci\u00e9t\u00e9, comme la maladie ou la s\u00e9ropositivit\u00e9 sont des chocs pour les personnes touch\u00e9es. L\u2019exposition revient sur l\u2019impact de cet \u00e9v\u00e9nement dans les trajectoires individuelles autant que collectives.<\/p>\n\n\n\n<p>Que ce soit \u00e0 une \u00e9chelle locale ou mondiale, la lutte contre le sida a concern\u00e9 de nombreux aspects de l\u2019\u00e9pid\u00e9mie&nbsp;: scientifiques et m\u00e9dicaux, mais aussi politiques et sociaux, pour revendiquer l\u2019action et l\u2019attention des pouvoirs publics et refuser la stigmatisation des malades et des communaut\u00e9s. La mise au point de traitements plus efficaces \u00e0 partir de 1996 marque une rupture. On voit des personnes \u00ab&nbsp;rena\u00eetre&nbsp;\u00bb gr\u00e2ce au renforcement de leur syst\u00e8me immunitaire et \u00e0 l\u2019affaiblissement de la r\u00e9plication virale dans l\u2019organisme, malgr\u00e9 un traitement contraignant et de nombreux effets secondaires. Mais l\u2019acc\u00e8s aux m\u00e9dicaments est tr\u00e8s in\u00e9gal et l\u2019ouverture des r\u00e9gimes de propri\u00e9t\u00e9 intellectuelle devient une revendication majeure.<\/p>\n\n\n\n<p>Des ann\u00e9es 1980 \u00e0 nos jours, l\u2019\u00e9pid\u00e9mie a suscit\u00e9 maintes hypoth\u00e8ses sur son origine et de nombreux discours sur les moyens de sa fin. L\u2019exposition apporte ainsi un \u00e9clairage sur ces diff\u00e9rents r\u00e9cits, nous permettant d\u2019aborder avec recul les savoirs du pass\u00e9 et les compr\u00e9hensions du pr\u00e9sent.<\/p>\n\n\n\n<p>L\u2019exposition interroge enfin l\u2019h\u00e9ritage de l\u2019\u00e9pid\u00e9mie, ce qu\u2019elle a r\u00e9v\u00e9l\u00e9, les avanc\u00e9es qu\u2019elle a rendues possibles, principalement en termes de droits, mais \u00e9galement les reculs et les stagnations. Elle propose un bilan des luttes, de leurs victoires comme des obstacles toujours pr\u00e9sents. En \u00e9voquant les \u00ab&nbsp;le\u00e7ons politiques&nbsp;\u00bb du sida, elle pose des questions toujours majeures aujourd\u2019hui, qu\u2019il s\u2019agisse des r\u00e9ponses sociales aux \u00e9pid\u00e9mies et \u00e0 la gestion des \u00ab&nbsp;crises sanitaires&nbsp;\u00bb, ou de la mani\u00e8re dont d\u2019autres affections chroniques ont b\u00e9n\u00e9fici\u00e9 ou non de ce bouleversement des rapports de pouvoir entre m\u00e9decins et patients.<\/p>\n\n\n\n<p>L\u2019exposition \u00ab\u00a0VIH\/sida, l\u2019\u00e9pid\u00e9mie n\u2019est pas finie\u00a0!\u00a0\u00bb offre l\u2019occasion de valoriser l\u2019exceptionnel fonds constitu\u00e9 au d\u00e9but des ann\u00e9es\u00a02000 par le Mucem sur le th\u00e8me du VIH\/sida. Des banderoles, tracts, affiches, revues associatives, brochures et mat\u00e9riel de pr\u00e9vention, objets militants, v\u00eatements, badges et rubans rouges, mais \u00e9galement des m\u00e9dicaments, photographies et \u0153uvres d\u2019art ont \u00e9t\u00e9 collect\u00e9s aupr\u00e8s de nombreuses associations de lutte contre le VIH\/sida, permettant au Mucem de constituer une collection de r\u00e9f\u00e9rence \u00e0 l\u2019\u00e9chelle europ\u00e9enne. De nombreux pr\u00eats de particuliers viennent dialoguer avec cette collection pour permettre aux visiteurs de d\u00e9couvrir plus en d\u00e9tail l\u2019histoire sociale de la lutte contre l\u2019\u00e9pid\u00e9mie.<\/p>\n\n\n\n<p>Plus d&rsquo;infos sur le site du Mucem : <a href=\"https:\/\/www.mucem.org\/programme\/exposition-et-temps-forts\/vihsida?fbclid=IwAR3A3TO67WlCmalyChsst8DD764vDsljZlPjsLZm3tNfJ317GAQCN9d85qg\" target=\"_blank\" rel=\"noreferrer noopener\">https:\/\/www.mucem.org\/programme\/exposition-et-temps-forts\/vihsida?fbclid=IwAR3A3TO67WlCmalyChsst8DD764vDsljZlPjsLZm3tNfJ317GAQCN9d85qg<\/a><\/p>\n","protected":false},"excerpt":{"rendered":"<p>Au Mucem de Marseille, du mercredi 15 d\u00e9cembre 2021 au lundi 2 mai 2022 L\u2019exposition \u00ab&nbsp;VIH\/sida, l\u2019\u00e9pid\u00e9mie n\u2019est pas finie&nbsp;!&nbsp;\u00bb retrace l\u2019histoire sociale et politique du sida. Posant un regard \u00e0 la fois r\u00e9trospectif et contemporain sur l\u2019\u00e9pid\u00e9mie comme sur les mobilisations qu\u2019elle a engendr\u00e9es, elle souhaite elle-m\u00eame contribuer \u00e0 la lutte. En effet, mettre [&hellip;]<\/p>\n","protected":false},"author":191,"featured_media":5605,"comment_status":"closed","ping_status":"open","sticky":false,"template":"","format":"standard","meta":{"footnotes":""},"categories":[176],"tags":[221,222,220,218,219,102,183],"_links":{"self":[{"href":"https:\/\/www.aiutu-corsu.org\/wordpress\/wp-json\/wp\/v2\/posts\/5604"}],"collection":[{"href":"https:\/\/www.aiutu-corsu.org\/wordpress\/wp-json\/wp\/v2\/posts"}],"about":[{"href":"https:\/\/www.aiutu-corsu.org\/wordpress\/wp-json\/wp\/v2\/types\/post"}],"author":[{"embeddable":true,"href":"https:\/\/www.aiutu-corsu.org\/wordpress\/wp-json\/wp\/v2\/users\/191"}],"replies":[{"embeddable":true,"href":"https:\/\/www.aiutu-corsu.org\/wordpress\/wp-json\/wp\/v2\/comments?post=5604"}],"version-history":[{"count":2,"href":"https:\/\/www.aiutu-corsu.org\/wordpress\/wp-json\/wp\/v2\/posts\/5604\/revisions"}],"predecessor-version":[{"id":5607,"href":"https:\/\/www.aiutu-corsu.org\/wordpress\/wp-json\/wp\/v2\/posts\/5604\/revisions\/5607"}],"wp:featuredmedia":[{"embeddable":true,"href":"https:\/\/www.aiutu-corsu.org\/wordpress\/wp-json\/wp\/v2\/media\/5605"}],"wp:attachment":[{"href":"https:\/\/www.aiutu-corsu.org\/wordpress\/wp-json\/wp\/v2\/media?parent=5604"}],"wp:term":[{"taxonomy":"category","embeddable":true,"href":"https:\/\/www.aiutu-corsu.org\/wordpress\/wp-json\/wp\/v2\/categories?post=5604"},{"taxonomy":"post_tag","embeddable":true,"href":"https:\/\/www.aiutu-corsu.org\/wordpress\/wp-json\/wp\/v2\/tags?post=5604"}],"curies":[{"name":"wp","href":"https:\/\/api.w.org\/{rel}","templated":true}]}}