{"id":518,"date":"2011-11-08T14:02:02","date_gmt":"2011-11-08T13:02:02","guid":{"rendered":"http:\/\/www.aiutu-corsu.org\/wordpress\/?p=518"},"modified":"2020-09-14T10:09:29","modified_gmt":"2020-09-14T09:09:29","slug":"vide-grenier-novembre","status":"publish","type":"post","link":"https:\/\/www.aiutu-corsu.org\/wordpress\/2011\/11\/08\/vide-grenier-novembre\/","title":{"rendered":"Le Grand Vide Grenier d&rsquo;AIUTU CORSU du 5 Novembre 2011"},"content":{"rendered":"<p><strong><a href=\"http:\/\/www.aiutu-corsu.org\/wordpress\/wp-content\/uploads\/2011\/11\/photo.jpg\"><\/a><a href=\"http:\/\/www.aiutu-corsu.org\/wordpress\/wp-content\/uploads\/2011\/11\/photo1.jpg\"><img loading=\"lazy\" decoding=\"async\" class=\"alignright size-medium wp-image-531\" title=\"Sylvie Marcaggi Pr\u00e9sidente d'AIUTU CORSU\" src=\"http:\/\/www.aiutu-corsu.org\/wordpress\/wp-content\/uploads\/2011\/11\/photo1-300x225.jpg\" alt=\"Pr\u00e9sidente d'AIUTU CORSU Sylvie MARCAGGI\" width=\"300\" height=\"225\" srcset=\"https:\/\/www.aiutu-corsu.org\/wordpress\/wp-content\/uploads\/2011\/11\/photo1-300x225.jpg 300w, https:\/\/www.aiutu-corsu.org\/wordpress\/wp-content\/uploads\/2011\/11\/photo1.jpg 960w\" sizes=\"(max-width: 300px) 100vw, 300px\" \/><\/a><img loading=\"lazy\" decoding=\"async\" class=\"alignleft size-medium wp-image-523\" title=\"Association AIUTU CORSU\" src=\"http:\/\/www.aiutu-corsu.org\/wordpress\/wp-content\/uploads\/2011\/11\/photo-300x225.jpg\" alt=\"Vide Grenier 5 novembre 2011\" width=\"300\" height=\"225\" srcset=\"https:\/\/www.aiutu-corsu.org\/wordpress\/wp-content\/uploads\/2011\/11\/photo-300x225.jpg 300w, https:\/\/www.aiutu-corsu.org\/wordpress\/wp-content\/uploads\/2011\/11\/photo.jpg 960w\" sizes=\"(max-width: 300px) 100vw, 300px\" \/>Pour la seconde ann\u00e9e cons\u00e9cutive, le grand vide grenier d&rsquo;automne de notre association AIUTU CORSU \u00e0 eu lieu ce samedi &nbsp;5 novembre 2011. Toute notre \u00e9quipe et les  b\u00e9n\u00e9voles d\u2019AIUTU CORSU ont \u00e9t\u00e9 heureux de vous accueillir nombreux \u00e0 cet \u00e9v\u00e9nement !<\/strong><\/p>\n<p>Fort de son succ\u00e8s en 2010, Aiutu Corsu a renouvel\u00e9 l&rsquo;op\u00e9ration avec succ\u00e8s. Vous \u00e9tiez nombreux \u00e0 r\u00e9pondre pr\u00e9sent et \u00e0 proposer vos stands de marchandises. Nous esp\u00e9rons que l&rsquo;organisation vous a satisfait et que vous avez passez une agr\u00e9able journ\u00e9e.<\/p>\n<p>Nous vous remercions au nom de nos usagers : les fonds r\u00e9colt\u00e9s serviront \u00e0 am\u00e9liorer le fonctionnement de la solidarit\u00e9 des usagers de l\u2019association.<\/p>\n<p>Ce rendez-vous incontournable a \u00e9t\u00e9 l\u2019occasion  de d\u00e9poussi\u00e9rer meubles, bibelots et autres v\u00eatements pour le plus  grand bonheur des chineurs.<\/p>\n<p>D\u00e8s les beaux jours revenus, Aiutu Corsu organisera un nouveau vide grenier. Nous esp\u00e9rons, une fois encore que vous vous retrouvez nombreux \u00e0 nos cot\u00e9s.<\/p>\n","protected":false},"excerpt":{"rendered":"<p>Pour la seconde ann\u00e9e cons\u00e9cutive, le grand vide grenier d&rsquo;automne de notre association AIUTU CORSU \u00e0 eu lieu ce samedi &nbsp;5 novembre 2011. Toute notre \u00e9quipe et les b\u00e9n\u00e9voles d\u2019AIUTU CORSU ont \u00e9t\u00e9 heureux de vous accueillir nombreux \u00e0 cet \u00e9v\u00e9nement ! Fort de son succ\u00e8s en 2010, Aiutu Corsu a renouvel\u00e9 l&rsquo;op\u00e9ration avec succ\u00e8s. [&hellip;]<\/p>\n","protected":false},"author":191,"featured_media":523,"comment_status":"closed","ping_status":"open","sticky":false,"template":"","format":"standard","meta":{"footnotes":""},"categories":[3],"tags":[5],"_links":{"self":[{"href":"https:\/\/www.aiutu-corsu.org\/wordpress\/wp-json\/wp\/v2\/posts\/518"}],"collection":[{"href":"https:\/\/www.aiutu-corsu.org\/wordpress\/wp-json\/wp\/v2\/posts"}],"about":[{"href":"https:\/\/www.aiutu-corsu.org\/wordpress\/wp-json\/wp\/v2\/types\/post"}],"author":[{"embeddable":true,"href":"https:\/\/www.aiutu-corsu.org\/wordpress\/wp-json\/wp\/v2\/users\/191"}],"replies":[{"embeddable":true,"href":"https:\/\/www.aiutu-corsu.org\/wordpress\/wp-json\/wp\/v2\/comments?post=518"}],"version-history":[{"count":14,"href":"https:\/\/www.aiutu-corsu.org\/wordpress\/wp-json\/wp\/v2\/posts\/518\/revisions"}],"predecessor-version":[{"id":4663,"href":"https:\/\/www.aiutu-corsu.org\/wordpress\/wp-json\/wp\/v2\/posts\/518\/revisions\/4663"}],"wp:featuredmedia":[{"embeddable":true,"href":"https:\/\/www.aiutu-corsu.org\/wordpress\/wp-json\/wp\/v2\/media\/523"}],"wp:attachment":[{"href":"https:\/\/www.aiutu-corsu.org\/wordpress\/wp-json\/wp\/v2\/media?parent=518"}],"wp:term":[{"taxonomy":"category","embeddable":true,"href":"https:\/\/www.aiutu-corsu.org\/wordpress\/wp-json\/wp\/v2\/categories?post=518"},{"taxonomy":"post_tag","embeddable":true,"href":"https:\/\/www.aiutu-corsu.org\/wordpress\/wp-json\/wp\/v2\/tags?post=518"}],"curies":[{"name":"wp","href":"https:\/\/api.w.org\/{rel}","templated":true}]}}