{"id":4925,"date":"2020-12-01T11:57:54","date_gmt":"2020-12-01T10:57:54","guid":{"rendered":"https:\/\/www.aiutu-corsu.org\/wordpress\/?p=4925"},"modified":"2020-12-08T06:41:41","modified_gmt":"2020-12-08T05:41:41","slug":"dans-le-vih-legalite-progresse","status":"publish","type":"post","link":"https:\/\/www.aiutu-corsu.org\/wordpress\/2020\/12\/01\/dans-le-vih-legalite-progresse\/","title":{"rendered":"32\u00e8me Journ\u00e9e Mondiale de Lutte Contre le Sida"},"content":{"rendered":"\n<p>Aujourd\u2019hui, nous sommes le 1<sup>er<\/sup> d\u00e9cembre 2020, c\u2019est donc la 33<sup>\u00e8me<\/sup> \u00e9dition de la Journ\u00e9e Mondiale de Lutte Contre le Sida et comme tous les ans, l\u2019association Aiutu Corsu s\u2019associe \u00e0 tous ses partenaires pour continuer sa mission de pr\u00e9vention et de communication sur la lutte contre le VIH. Vous nous retrouverez toute la journ\u00e9e dans les diff\u00e9rents m\u00e9dias insulaires (Alta Frequenza, RCFM, RCF Corsica, Corse Net Infos, France 3 Corse Via Stella) pour r\u00e9pondre aux diff\u00e9rentes questions des journalistes&nbsp;: VIH, d\u00e9pistage TROD, pr\u00e9vention, organisation de l\u2019association face \u00e0 la crise sanitaire, etc. Nous tenons \u00e0 f\u00e9liciter tous les \u00e9l\u00e8ves du LEP Finosello d\u2019Ajaccio en g\u00e9n\u00e9ral et Lo\u00efs Marchi en particulier pour la r\u00e9alisation de l\u2019\u00e9dition 2020 de l\u2019affiche Aiutu Corsu pour la Journ\u00e9e Mondiale de Lutte Contre le Sida qui nous rappelle ce message clair et simple&nbsp;: \u00ab&nbsp;Le Sida est toujours l\u00e0, prot\u00e8ge-toi&nbsp;!&nbsp;\u00bb. Il en a d\u2019ailleurs \u00e9t\u00e9 question ce matin sur T\u00e9l\u00e9matin que tenons aussi \u00e0 remercier pour l\u2019int\u00e9r\u00eat port\u00e9 \u00e0 notre association.<\/p>\n\n\n\n<h2 class=\"wp-block-heading\">Dans le VIH, l&rsquo;\u00e9galit\u00e9 progresse !<\/h2>\n\n\n\n<p>Dans le cadre de la Journ\u00e9e Mondiale de Lutte Contre le Sida, ViiV Healthcare, en partenariat avec l\u2019association Sida Info Service (SIS) et la Soci\u00e9t\u00e9 Fran\u00e7aise de Lutte contre le Sida (SFLS), lance une campagne Grand Public \u00ab\u00a0<strong><em>Dans le VIH, l\u2019\u00e9galit\u00e9 progresse<\/em><\/strong>\u00a0\u00bb destin\u00e9e \u00e0 porter \u00e0 la connaissance de l\u2019ensemble de la population le message : \u00ab VIH Ind\u00e9tectable = VIH Intransmissible \u00bb (ou \u00ab I = I \u00bb). <strong>Une personne s\u00e9ropositive sous traitement antir\u00e9troviral pr\u00e9sentant une charge virale ind\u00e9tectable depuis plus de 6 mois et qui b\u00e9n\u00e9ficie d\u2019un suivi clinique r\u00e9gulier et global (soutien \u00e0 l\u2019observance, d\u00e9tection et traitement des IST) ne transmet pas le VIH.<\/strong> Nous avons tous une raison d\u2019\u00eatre ou de se sentir discrimin\u00e9 et ainsi de ne pas se sentir comme tout le monde, de ne pas se sentir \u00e9gaux. Certains combats se d\u00e9roulent chaque jour sous nos yeux \u00e0 un niveau individuel et personnel comme collectif : notre apparence, notre taille, notre couleur de peau, notre sexe, notre handicap&#8230; Le VIH fait partie de ces in\u00e9galit\u00e9s susceptibles de d\u00e9clencher stigmatisation et rejet. Pourtant, gr\u00e2ce aux avanc\u00e9es th\u00e9rapeutiques des derni\u00e8res ann\u00e9es, l\u2019\u00e9galit\u00e9 est de nouveau possible, une nouvelle fa\u00e7on de montrer que notre regard doit changer : \u00ab\u00a0Dans le VIH, l\u2019\u00e9galit\u00e9 progresse\u00a0\u00bb.<\/p>\n\n\n\n<figure class=\"wp-block-embed-youtube wp-block-embed is-type-video is-provider-youtube wp-embed-aspect-16-9 wp-has-aspect-ratio\"><div class=\"wp-block-embed__wrapper\">\n<iframe loading=\"lazy\" title=\"Ind\u00e9tectable = Intransmissible I ViiV Healthcare s\u2019engage\" width=\"500\" height=\"281\" src=\"https:\/\/www.youtube.com\/embed\/gtkiTaFYETE?feature=oembed\" frameborder=\"0\" allow=\"accelerometer; autoplay; clipboard-write; encrypted-media; gyroscope; picture-in-picture\" allowfullscreen><\/iframe>\n<\/div><\/figure>\n\n\n\n<div style=\"height:20px\" aria-hidden=\"true\" class=\"wp-block-spacer\"><\/div>\n\n\n\n<figure class=\"wp-block-image size-large\"><img loading=\"lazy\" decoding=\"async\" width=\"725\" height=\"1024\" src=\"https:\/\/www.aiutu-corsu.org\/wordpress\/wp-content\/uploads\/2020\/11\/Affiche-JMS-Aiutu-Corsu-2020-725x1024.jpg\" alt=\"\" class=\"wp-image-4923\" srcset=\"https:\/\/www.aiutu-corsu.org\/wordpress\/wp-content\/uploads\/2020\/11\/Affiche-JMS-Aiutu-Corsu-2020-725x1024.jpg 725w, https:\/\/www.aiutu-corsu.org\/wordpress\/wp-content\/uploads\/2020\/11\/Affiche-JMS-Aiutu-Corsu-2020-212x300.jpg 212w, https:\/\/www.aiutu-corsu.org\/wordpress\/wp-content\/uploads\/2020\/11\/Affiche-JMS-Aiutu-Corsu-2020-768x1085.jpg 768w, https:\/\/www.aiutu-corsu.org\/wordpress\/wp-content\/uploads\/2020\/11\/Affiche-JMS-Aiutu-Corsu-2020-1088x1536.jpg 1088w, https:\/\/www.aiutu-corsu.org\/wordpress\/wp-content\/uploads\/2020\/11\/Affiche-JMS-Aiutu-Corsu-2020.jpg 1196w\" sizes=\"(max-width: 725px) 100vw, 725px\" \/><\/figure>\n","protected":false},"excerpt":{"rendered":"<p>Aujourd\u2019hui, nous sommes le 1er d\u00e9cembre 2020, c\u2019est donc la 33\u00e8me \u00e9dition de la Journ\u00e9e Mondiale de Lutte Contre le Sida et comme tous les ans, l\u2019association Aiutu Corsu s\u2019associe \u00e0 tous ses partenaires pour continuer sa mission de pr\u00e9vention et de communication sur la lutte contre le VIH. Vous nous retrouverez toute la journ\u00e9e [&hellip;]<\/p>\n","protected":false},"author":191,"featured_media":4928,"comment_status":"closed","ping_status":"open","sticky":false,"template":"","format":"standard","meta":{"footnotes":""},"categories":[147],"tags":[61,171,167,85,129,168,169],"_links":{"self":[{"href":"https:\/\/www.aiutu-corsu.org\/wordpress\/wp-json\/wp\/v2\/posts\/4925"}],"collection":[{"href":"https:\/\/www.aiutu-corsu.org\/wordpress\/wp-json\/wp\/v2\/posts"}],"about":[{"href":"https:\/\/www.aiutu-corsu.org\/wordpress\/wp-json\/wp\/v2\/types\/post"}],"author":[{"embeddable":true,"href":"https:\/\/www.aiutu-corsu.org\/wordpress\/wp-json\/wp\/v2\/users\/191"}],"replies":[{"embeddable":true,"href":"https:\/\/www.aiutu-corsu.org\/wordpress\/wp-json\/wp\/v2\/comments?post=4925"}],"version-history":[{"count":5,"href":"https:\/\/www.aiutu-corsu.org\/wordpress\/wp-json\/wp\/v2\/posts\/4925\/revisions"}],"predecessor-version":[{"id":4937,"href":"https:\/\/www.aiutu-corsu.org\/wordpress\/wp-json\/wp\/v2\/posts\/4925\/revisions\/4937"}],"wp:featuredmedia":[{"embeddable":true,"href":"https:\/\/www.aiutu-corsu.org\/wordpress\/wp-json\/wp\/v2\/media\/4928"}],"wp:attachment":[{"href":"https:\/\/www.aiutu-corsu.org\/wordpress\/wp-json\/wp\/v2\/media?parent=4925"}],"wp:term":[{"taxonomy":"category","embeddable":true,"href":"https:\/\/www.aiutu-corsu.org\/wordpress\/wp-json\/wp\/v2\/categories?post=4925"},{"taxonomy":"post_tag","embeddable":true,"href":"https:\/\/www.aiutu-corsu.org\/wordpress\/wp-json\/wp\/v2\/tags?post=4925"}],"curies":[{"name":"wp","href":"https:\/\/api.w.org\/{rel}","templated":true}]}}