{"id":460,"date":"2011-09-23T07:45:40","date_gmt":"2011-09-23T06:45:40","guid":{"rendered":"http:\/\/www.aiutu-corsu.org\/wordpress\/?p=460"},"modified":"2020-09-14T10:11:29","modified_gmt":"2020-09-14T09:11:29","slug":"village-des-associations-associu-2011","status":"publish","type":"post","link":"https:\/\/www.aiutu-corsu.org\/wordpress\/2011\/09\/23\/village-des-associations-associu-2011\/","title":{"rendered":"VILLAGE DES ASSOCIATIONS \/ ASSOCIU 2011"},"content":{"rendered":"<p style=\"text-align: right;\"><a href=\"http:\/\/www.aiutu-corsu.org\/wordpress\/wp-content\/uploads\/2011\/09\/Affiche.jpg\"><img loading=\"lazy\" decoding=\"async\" class=\"alignnone size-medium wp-image-461\" title=\"Village des Associations Ajaccio\" src=\"http:\/\/www.aiutu-corsu.org\/wordpress\/wp-content\/uploads\/2011\/09\/Affiche-211x300.jpg\" alt=\"ASSOCIU 2011 les 15 &amp; 16 octobre \" width=\"211\" height=\"300\" srcset=\"https:\/\/www.aiutu-corsu.org\/wordpress\/wp-content\/uploads\/2011\/09\/Affiche-211x300.jpg 211w, https:\/\/www.aiutu-corsu.org\/wordpress\/wp-content\/uploads\/2011\/09\/Affiche.jpg 591w\" sizes=\"(max-width: 211px) 100vw, 211px\" \/><\/a>Nous serons pr\u00e9sent les <strong>15 &amp; 16 octobre<\/strong> prochain au grand rendez-vous annuel des <strong>associations du pays Ajaccien<\/strong> organis\u00e9 au Palais des congr\u00e8s.<\/p>\n<p style=\"text-align: right;\">Nous serons heureux de vous accueillir sur notre stand.<\/p>\n<p style=\"text-align: right;\">Venez nombreux.<strong><br \/>\n<\/strong><\/p>\n","protected":false},"excerpt":{"rendered":"<p>Nous serons pr\u00e9sent les 15 &amp; 16 octobre prochain au grand rendez-vous annuel des associations du pays Ajaccien organis\u00e9 au Palais des congr\u00e8s. Nous serons heureux de vous accueillir sur notre stand. Venez nombreux.<\/p>\n","protected":false},"author":191,"featured_media":461,"comment_status":"closed","ping_status":"open","sticky":false,"template":"","format":"standard","meta":{"footnotes":""},"categories":[3],"tags":[27],"_links":{"self":[{"href":"https:\/\/www.aiutu-corsu.org\/wordpress\/wp-json\/wp\/v2\/posts\/460"}],"collection":[{"href":"https:\/\/www.aiutu-corsu.org\/wordpress\/wp-json\/wp\/v2\/posts"}],"about":[{"href":"https:\/\/www.aiutu-corsu.org\/wordpress\/wp-json\/wp\/v2\/types\/post"}],"author":[{"embeddable":true,"href":"https:\/\/www.aiutu-corsu.org\/wordpress\/wp-json\/wp\/v2\/users\/191"}],"replies":[{"embeddable":true,"href":"https:\/\/www.aiutu-corsu.org\/wordpress\/wp-json\/wp\/v2\/comments?post=460"}],"version-history":[{"count":17,"href":"https:\/\/www.aiutu-corsu.org\/wordpress\/wp-json\/wp\/v2\/posts\/460\/revisions"}],"predecessor-version":[{"id":4665,"href":"https:\/\/www.aiutu-corsu.org\/wordpress\/wp-json\/wp\/v2\/posts\/460\/revisions\/4665"}],"wp:featuredmedia":[{"embeddable":true,"href":"https:\/\/www.aiutu-corsu.org\/wordpress\/wp-json\/wp\/v2\/media\/461"}],"wp:attachment":[{"href":"https:\/\/www.aiutu-corsu.org\/wordpress\/wp-json\/wp\/v2\/media?parent=460"}],"wp:term":[{"taxonomy":"category","embeddable":true,"href":"https:\/\/www.aiutu-corsu.org\/wordpress\/wp-json\/wp\/v2\/categories?post=460"},{"taxonomy":"post_tag","embeddable":true,"href":"https:\/\/www.aiutu-corsu.org\/wordpress\/wp-json\/wp\/v2\/tags?post=460"}],"curies":[{"name":"wp","href":"https:\/\/api.w.org\/{rel}","templated":true}]}}