{"id":448,"date":"2011-09-22T20:25:34","date_gmt":"2011-09-22T19:25:34","guid":{"rendered":"http:\/\/www.aiutu-corsu.org\/wordpress\/?p=448"},"modified":"2020-09-14T10:12:24","modified_gmt":"2020-09-14T09:12:24","slug":"journee-des-associations-parc-de-baracci-olmeto","status":"publish","type":"post","link":"https:\/\/www.aiutu-corsu.org\/wordpress\/2011\/09\/22\/journee-des-associations-parc-de-baracci-olmeto\/","title":{"rendered":"Journ\u00e9e des Associations Parc de Baracci Olmeto"},"content":{"rendered":"<p><a href=\"http:\/\/www.aiutu-corsu.org\/wordpress\/wp-content\/uploads\/2011\/09\/Photo0153-Copie.jpg\"><\/a><a href=\"http:\/\/www.aiutu-corsu.org\/wordpress\/wp-content\/uploads\/2011\/09\/Photo0155.jpg\"><img loading=\"lazy\" decoding=\"async\" class=\"alignnone size-medium wp-image-451\" title=\"Stand Baracci 2\" src=\"http:\/\/www.aiutu-corsu.org\/wordpress\/wp-content\/uploads\/2011\/09\/Photo0155-300x225.jpg\" alt=\"\" width=\"300\" height=\"225\" srcset=\"https:\/\/www.aiutu-corsu.org\/wordpress\/wp-content\/uploads\/2011\/09\/Photo0155-300x225.jpg 300w, https:\/\/www.aiutu-corsu.org\/wordpress\/wp-content\/uploads\/2011\/09\/Photo0155-1024x768.jpg 1024w, https:\/\/www.aiutu-corsu.org\/wordpress\/wp-content\/uploads\/2011\/09\/Photo0155.jpg 2048w\" sizes=\"(max-width: 300px) 100vw, 300px\" \/><\/a>Nous \u00e9tions pr\u00e9sents \u00e0 la<strong> 1<sup>\u00e8re<\/sup> journ\u00e9e des associations<\/strong> le 10 septembre 2011 organis\u00e9e au Parc de <strong>BARACCI OLMETO<\/strong>.<\/p>\n<p>Au programme&nbsp;: Rencontre des associations, propos\u00e9e par l\u2019office de tourisme intercommunal office de pole du SARTENAIS VALINCO TARAVO et la Chambre R\u00e9gionale de l\u2019Economie Sociale et Solidaire CRESS CORSICA.<\/p>\n<p>Plusieurs rencontres inter associatives ont eu lieu lors de cette journ\u00e9e par l&rsquo;interm\u00e9diaire d&rsquo;animations, de d\u00e9monstrations, et d&rsquo;une conf\u00e9rence.<\/p>\n","protected":false},"excerpt":{"rendered":"<p>Nous \u00e9tions pr\u00e9sents \u00e0 la 1\u00e8re journ\u00e9e des associations le 10 septembre 2011 organis\u00e9e au Parc de BARACCI OLMETO. Au programme&nbsp;: Rencontre des associations, propos\u00e9e par l\u2019office de tourisme intercommunal office de pole du SARTENAIS VALINCO TARAVO et la Chambre R\u00e9gionale de l\u2019Economie Sociale et Solidaire CRESS CORSICA. Plusieurs rencontres inter associatives ont eu lieu [&hellip;]<\/p>\n","protected":false},"author":191,"featured_media":451,"comment_status":"closed","ping_status":"open","sticky":false,"template":"","format":"standard","meta":{"footnotes":""},"categories":[3],"tags":[26],"_links":{"self":[{"href":"https:\/\/www.aiutu-corsu.org\/wordpress\/wp-json\/wp\/v2\/posts\/448"}],"collection":[{"href":"https:\/\/www.aiutu-corsu.org\/wordpress\/wp-json\/wp\/v2\/posts"}],"about":[{"href":"https:\/\/www.aiutu-corsu.org\/wordpress\/wp-json\/wp\/v2\/types\/post"}],"author":[{"embeddable":true,"href":"https:\/\/www.aiutu-corsu.org\/wordpress\/wp-json\/wp\/v2\/users\/191"}],"replies":[{"embeddable":true,"href":"https:\/\/www.aiutu-corsu.org\/wordpress\/wp-json\/wp\/v2\/comments?post=448"}],"version-history":[{"count":12,"href":"https:\/\/www.aiutu-corsu.org\/wordpress\/wp-json\/wp\/v2\/posts\/448\/revisions"}],"predecessor-version":[{"id":4666,"href":"https:\/\/www.aiutu-corsu.org\/wordpress\/wp-json\/wp\/v2\/posts\/448\/revisions\/4666"}],"wp:featuredmedia":[{"embeddable":true,"href":"https:\/\/www.aiutu-corsu.org\/wordpress\/wp-json\/wp\/v2\/media\/451"}],"wp:attachment":[{"href":"https:\/\/www.aiutu-corsu.org\/wordpress\/wp-json\/wp\/v2\/media?parent=448"}],"wp:term":[{"taxonomy":"category","embeddable":true,"href":"https:\/\/www.aiutu-corsu.org\/wordpress\/wp-json\/wp\/v2\/categories?post=448"},{"taxonomy":"post_tag","embeddable":true,"href":"https:\/\/www.aiutu-corsu.org\/wordpress\/wp-json\/wp\/v2\/tags?post=448"}],"curies":[{"name":"wp","href":"https:\/\/api.w.org\/{rel}","templated":true}]}}