{"id":3890,"date":"2018-09-10T11:36:38","date_gmt":"2018-09-10T10:36:38","guid":{"rendered":"http:\/\/www.aiutu-corsu.org\/wordpress\/?p=3890"},"modified":"2020-09-09T14:35:48","modified_gmt":"2020-09-09T13:35:48","slug":"foire-de-baraccia-2018","status":"publish","type":"post","link":"https:\/\/www.aiutu-corsu.org\/wordpress\/2018\/09\/10\/foire-de-baraccia-2018\/","title":{"rendered":"Foire de Baraccia 2018"},"content":{"rendered":"<p><a href=\"http:\/\/www.aiutu-corsu.org\/wordpress\/wp-content\/uploads\/2018\/09\/IMG_1511.jpg\"><img loading=\"lazy\" decoding=\"async\" class=\"aligncenter size-medium wp-image-3889\" src=\"http:\/\/www.aiutu-corsu.org\/wordpress\/wp-content\/uploads\/2018\/09\/IMG_1511-300x225.jpg\" alt=\"\" width=\"300\" height=\"225\" srcset=\"https:\/\/www.aiutu-corsu.org\/wordpress\/wp-content\/uploads\/2018\/09\/IMG_1511-300x225.jpg 300w, https:\/\/www.aiutu-corsu.org\/wordpress\/wp-content\/uploads\/2018\/09\/IMG_1511-768x576.jpg 768w, https:\/\/www.aiutu-corsu.org\/wordpress\/wp-content\/uploads\/2018\/09\/IMG_1511-1024x768.jpg 1024w\" sizes=\"(max-width: 300px) 100vw, 300px\" \/><\/a><\/p>\n<p>Fid\u00e8le \u00e0 la Foire de Baraccia depuis plusieurs ann\u00e9es, Aiutu Corsu a \u00e0 nouveau r\u00e9pondu pr\u00e9sent le 11 aout dernier. C\u2019est dans un cadre toujours aussi agr\u00e9able, celui du parc des thermes de Baraccia, que nous avons tenu notre stand de pr\u00e9vention parmi les artisans, cr\u00e9ateurs et autres associations de la r\u00e9gion. L\u2019occasion de faire passer nos diff\u00e9rents messages de pr\u00e9vention et informations aupr\u00e8s des nombreux locaux et touristes qu\u2019attirent cette foire.<\/p>\n<p>&nbsp;<\/p>\n","protected":false},"excerpt":{"rendered":"<p>Fid\u00e8le \u00e0 la Foire de Baraccia depuis plusieurs ann\u00e9es, Aiutu Corsu a \u00e0 nouveau r\u00e9pondu pr\u00e9sent le 11 aout dernier. C\u2019est dans un cadre toujours aussi agr\u00e9able, celui du parc des thermes de Baraccia, que nous avons tenu notre stand de pr\u00e9vention parmi les artisans, cr\u00e9ateurs et autres associations de la r\u00e9gion. L\u2019occasion de faire [&hellip;]<\/p>\n","protected":false},"author":191,"featured_media":3889,"comment_status":"closed","ping_status":"open","sticky":false,"template":"","format":"standard","meta":{"footnotes":""},"categories":[50],"tags":[],"_links":{"self":[{"href":"https:\/\/www.aiutu-corsu.org\/wordpress\/wp-json\/wp\/v2\/posts\/3890"}],"collection":[{"href":"https:\/\/www.aiutu-corsu.org\/wordpress\/wp-json\/wp\/v2\/posts"}],"about":[{"href":"https:\/\/www.aiutu-corsu.org\/wordpress\/wp-json\/wp\/v2\/types\/post"}],"author":[{"embeddable":true,"href":"https:\/\/www.aiutu-corsu.org\/wordpress\/wp-json\/wp\/v2\/users\/191"}],"replies":[{"embeddable":true,"href":"https:\/\/www.aiutu-corsu.org\/wordpress\/wp-json\/wp\/v2\/comments?post=3890"}],"version-history":[{"count":2,"href":"https:\/\/www.aiutu-corsu.org\/wordpress\/wp-json\/wp\/v2\/posts\/3890\/revisions"}],"predecessor-version":[{"id":4335,"href":"https:\/\/www.aiutu-corsu.org\/wordpress\/wp-json\/wp\/v2\/posts\/3890\/revisions\/4335"}],"wp:featuredmedia":[{"embeddable":true,"href":"https:\/\/www.aiutu-corsu.org\/wordpress\/wp-json\/wp\/v2\/media\/3889"}],"wp:attachment":[{"href":"https:\/\/www.aiutu-corsu.org\/wordpress\/wp-json\/wp\/v2\/media?parent=3890"}],"wp:term":[{"taxonomy":"category","embeddable":true,"href":"https:\/\/www.aiutu-corsu.org\/wordpress\/wp-json\/wp\/v2\/categories?post=3890"},{"taxonomy":"post_tag","embeddable":true,"href":"https:\/\/www.aiutu-corsu.org\/wordpress\/wp-json\/wp\/v2\/tags?post=3890"}],"curies":[{"name":"wp","href":"https:\/\/api.w.org\/{rel}","templated":true}]}}