{"id":3240,"date":"2016-11-29T13:00:33","date_gmt":"2016-11-29T12:00:33","guid":{"rendered":"http:\/\/www.aiutu-corsu.org\/wordpress\/?p=3240"},"modified":"2020-09-10T11:27:31","modified_gmt":"2020-09-10T10:27:31","slug":"sortie-visite-au-musee-fesch","status":"publish","type":"post","link":"https:\/\/www.aiutu-corsu.org\/wordpress\/2016\/11\/29\/sortie-visite-au-musee-fesch\/","title":{"rendered":"Sortie Visite au Mus\u00e9e FESCH"},"content":{"rendered":"<p style=\"text-align: justify;\">Le 21 novembre dernier, l\u2019association a organis\u00e9 une visite du Palais Fesch avec les Usagers. L\u2019occasion, pour nombre d\u2019entre eux, de revoir les \u0153uvres du mus\u00e9e des beaux-arts qu\u2019ils n\u2019avaient pas vu depuis des ann\u00e9es ou m\u00eame de les voir pour la premi\u00e8re fois. Pour une premi\u00e8re approche nous avons pass\u00e9 un moment agr\u00e9able \u00e0 regarder la collection Napol\u00e9onienne.<\/p>\n<p style=\"text-align: justify;\">Nous sommes ensuite all\u00e9s \u00e9changer les impressions de la visite autour d\u2019un caf\u00e9. Int\u00e9ress\u00e9s par les tableaux et sculptures et en demande d\u2019informations sur ces derniers, nous convenons d\u2019y retourner r\u00e9guli\u00e8rement, avec guide, en visitant les autres collections et en ajoutant une initiation \u00e0 l\u2019histoire de l\u2019art. Dans cet objectif nous signerons prochainement avec le Palais Fesch et la ville d\u2019Ajaccio, une convention hors les murs.<\/p>\n<p>&nbsp;<\/p>\n<p>&nbsp;<\/p>\n<p><a href=\"http:\/\/www.aiutu-corsu.org\/wordpress\/wp-content\/uploads\/2016\/11\/IMG_20161121_132811.jpg\" target=\"_blank\" rel=\"noopener noreferrer\"><img loading=\"lazy\" decoding=\"async\" class=\"aligncenter size-medium wp-image-3241\" title=\"IMG_20161121_132811\" src=\"http:\/\/www.aiutu-corsu.org\/wordpress\/wp-content\/uploads\/2016\/11\/IMG_20161121_132811-300x224.jpg\" alt=\"\" width=\"300\" height=\"224\" srcset=\"https:\/\/www.aiutu-corsu.org\/wordpress\/wp-content\/uploads\/2016\/11\/IMG_20161121_132811-300x224.jpg 300w, https:\/\/www.aiutu-corsu.org\/wordpress\/wp-content\/uploads\/2016\/11\/IMG_20161121_132811-1024x768.jpg 1024w\" sizes=\"(max-width: 300px) 100vw, 300px\" \/><\/a><\/p>\n<p><a href=\"http:\/\/www.aiutu-corsu.org\/wordpress\/wp-content\/uploads\/2016\/11\/IMG_20161121_1401171.jpg\"><img loading=\"lazy\" decoding=\"async\" class=\"alignleft size-medium wp-image-3251\" title=\"IMG_20161121_140117\" src=\"http:\/\/www.aiutu-corsu.org\/wordpress\/wp-content\/uploads\/2016\/11\/IMG_20161121_1401171-224x300.jpg\" alt=\"\" width=\"224\" height=\"300\" srcset=\"https:\/\/www.aiutu-corsu.org\/wordpress\/wp-content\/uploads\/2016\/11\/IMG_20161121_1401171-224x300.jpg 224w, https:\/\/www.aiutu-corsu.org\/wordpress\/wp-content\/uploads\/2016\/11\/IMG_20161121_1401171-768x1024.jpg 768w\" sizes=\"(max-width: 224px) 100vw, 224px\" \/><\/a><a href=\"http:\/\/www.aiutu-corsu.org\/wordpress\/wp-content\/uploads\/2016\/11\/IMG_20161121_140256.jpg\"><img loading=\"lazy\" decoding=\"async\" class=\"alignleft size-medium wp-image-3243\" title=\"IMG_20161121_140256\" src=\"http:\/\/www.aiutu-corsu.org\/wordpress\/wp-content\/uploads\/2016\/11\/IMG_20161121_140256-224x300.jpg\" alt=\"\" width=\"224\" height=\"300\" srcset=\"https:\/\/www.aiutu-corsu.org\/wordpress\/wp-content\/uploads\/2016\/11\/IMG_20161121_140256-224x300.jpg 224w, https:\/\/www.aiutu-corsu.org\/wordpress\/wp-content\/uploads\/2016\/11\/IMG_20161121_140256-768x1024.jpg 768w\" sizes=\"(max-width: 224px) 100vw, 224px\" \/><\/a><\/p>\n<p><a href=\"http:\/\/www.aiutu-corsu.org\/wordpress\/wp-content\/uploads\/2016\/11\/IMG_20161121_140117.jpg\" target=\"_blank\" rel=\"noopener noreferrer\"> &nbsp;&nbsp;<\/a><\/p>\n","protected":false},"excerpt":{"rendered":"<p>Le 21 novembre dernier, l\u2019association a organis\u00e9 une visite du Palais Fesch avec les Usagers. L\u2019occasion, pour nombre d\u2019entre eux, de revoir les \u0153uvres du mus\u00e9e des beaux-arts qu\u2019ils n\u2019avaient pas vu depuis des ann\u00e9es ou m\u00eame de les voir pour la premi\u00e8re fois. Pour une premi\u00e8re approche nous avons pass\u00e9 un moment agr\u00e9able \u00e0 [&hellip;]<\/p>\n","protected":false},"author":191,"featured_media":3241,"comment_status":"closed","ping_status":"open","sticky":false,"template":"","format":"standard","meta":{"footnotes":""},"categories":[134],"tags":[],"_links":{"self":[{"href":"https:\/\/www.aiutu-corsu.org\/wordpress\/wp-json\/wp\/v2\/posts\/3240"}],"collection":[{"href":"https:\/\/www.aiutu-corsu.org\/wordpress\/wp-json\/wp\/v2\/posts"}],"about":[{"href":"https:\/\/www.aiutu-corsu.org\/wordpress\/wp-json\/wp\/v2\/types\/post"}],"author":[{"embeddable":true,"href":"https:\/\/www.aiutu-corsu.org\/wordpress\/wp-json\/wp\/v2\/users\/191"}],"replies":[{"embeddable":true,"href":"https:\/\/www.aiutu-corsu.org\/wordpress\/wp-json\/wp\/v2\/comments?post=3240"}],"version-history":[{"count":15,"href":"https:\/\/www.aiutu-corsu.org\/wordpress\/wp-json\/wp\/v2\/posts\/3240\/revisions"}],"predecessor-version":[{"id":4498,"href":"https:\/\/www.aiutu-corsu.org\/wordpress\/wp-json\/wp\/v2\/posts\/3240\/revisions\/4498"}],"wp:featuredmedia":[{"embeddable":true,"href":"https:\/\/www.aiutu-corsu.org\/wordpress\/wp-json\/wp\/v2\/media\/3241"}],"wp:attachment":[{"href":"https:\/\/www.aiutu-corsu.org\/wordpress\/wp-json\/wp\/v2\/media?parent=3240"}],"wp:term":[{"taxonomy":"category","embeddable":true,"href":"https:\/\/www.aiutu-corsu.org\/wordpress\/wp-json\/wp\/v2\/categories?post=3240"},{"taxonomy":"post_tag","embeddable":true,"href":"https:\/\/www.aiutu-corsu.org\/wordpress\/wp-json\/wp\/v2\/tags?post=3240"}],"curies":[{"name":"wp","href":"https:\/\/api.w.org\/{rel}","templated":true}]}}