{"id":3070,"date":"2016-06-07T14:47:11","date_gmt":"2016-06-07T13:47:11","guid":{"rendered":"http:\/\/www.aiutu-corsu.org\/wordpress\/?p=3070"},"modified":"2020-09-10T11:34:04","modified_gmt":"2020-09-10T10:34:04","slug":"fete-de-la-musique-2016","status":"publish","type":"post","link":"https:\/\/www.aiutu-corsu.org\/wordpress\/2016\/06\/07\/fete-de-la-musique-2016\/","title":{"rendered":"FETE DE LA MUSIQUE 2016"},"content":{"rendered":"<p style=\"text-align: justify;\">A l\u2019occasion de la f\u00eate de la musique, en collaboration avec le CRIJ d\u2019Ajaccio, l\u2019\u00e9quipe d\u2019AIUTU CORSU sera pr\u00e9sente lors de cette soir\u00e9e. Cet \u00e9v\u00e9nement reste populaire et pl\u00e9biscit\u00e9 par la population.<\/p>\n<p style=\"text-align: justify;\">Il est important pour l\u2019association de marquer sa pr\u00e9sence et son implication aupr\u00e8s de la population. L\u2019objectif \u00e9tant de faire d\u2019un \u00e9v\u00e9nement musical et populaire un cadre d\u2019information et de sensibilisation du public. Nous proposerons un stand de pr\u00e9vention situ\u00e9 sur la place du Diamant en centre d\u2019Ajaccio.<\/p>\n<p>&nbsp;<\/p>\n","protected":false},"excerpt":{"rendered":"<p>A l\u2019occasion de la f\u00eate de la musique, en collaboration avec le CRIJ d\u2019Ajaccio, l\u2019\u00e9quipe d\u2019AIUTU CORSU sera pr\u00e9sente lors de cette soir\u00e9e. Cet \u00e9v\u00e9nement reste populaire et pl\u00e9biscit\u00e9 par la population. Il est important pour l\u2019association de marquer sa pr\u00e9sence et son implication aupr\u00e8s de la population. L\u2019objectif \u00e9tant de faire d\u2019un \u00e9v\u00e9nement musical [&hellip;]<\/p>\n","protected":false},"author":191,"featured_media":3091,"comment_status":"closed","ping_status":"open","sticky":false,"template":"","format":"standard","meta":{"footnotes":""},"categories":[134],"tags":[],"_links":{"self":[{"href":"https:\/\/www.aiutu-corsu.org\/wordpress\/wp-json\/wp\/v2\/posts\/3070"}],"collection":[{"href":"https:\/\/www.aiutu-corsu.org\/wordpress\/wp-json\/wp\/v2\/posts"}],"about":[{"href":"https:\/\/www.aiutu-corsu.org\/wordpress\/wp-json\/wp\/v2\/types\/post"}],"author":[{"embeddable":true,"href":"https:\/\/www.aiutu-corsu.org\/wordpress\/wp-json\/wp\/v2\/users\/191"}],"replies":[{"embeddable":true,"href":"https:\/\/www.aiutu-corsu.org\/wordpress\/wp-json\/wp\/v2\/comments?post=3070"}],"version-history":[{"count":6,"href":"https:\/\/www.aiutu-corsu.org\/wordpress\/wp-json\/wp\/v2\/posts\/3070\/revisions"}],"predecessor-version":[{"id":3076,"href":"https:\/\/www.aiutu-corsu.org\/wordpress\/wp-json\/wp\/v2\/posts\/3070\/revisions\/3076"}],"wp:featuredmedia":[{"embeddable":true,"href":"https:\/\/www.aiutu-corsu.org\/wordpress\/wp-json\/wp\/v2\/media\/3091"}],"wp:attachment":[{"href":"https:\/\/www.aiutu-corsu.org\/wordpress\/wp-json\/wp\/v2\/media?parent=3070"}],"wp:term":[{"taxonomy":"category","embeddable":true,"href":"https:\/\/www.aiutu-corsu.org\/wordpress\/wp-json\/wp\/v2\/categories?post=3070"},{"taxonomy":"post_tag","embeddable":true,"href":"https:\/\/www.aiutu-corsu.org\/wordpress\/wp-json\/wp\/v2\/tags?post=3070"}],"curies":[{"name":"wp","href":"https:\/\/api.w.org\/{rel}","templated":true}]}}