{"id":2552,"date":"2015-09-04T14:55:24","date_gmt":"2015-09-04T13:55:24","guid":{"rendered":"http:\/\/www.aiutu-corsu.org\/wordpress\/?p=2552"},"modified":"2020-09-10T13:13:23","modified_gmt":"2020-09-10T12:13:23","slug":"prevention-estivale-tout-au-long-de-lete-pour-aiutu-corsu","status":"publish","type":"post","link":"https:\/\/www.aiutu-corsu.org\/wordpress\/2015\/09\/04\/prevention-estivale-tout-au-long-de-lete-pour-aiutu-corsu\/","title":{"rendered":"Pr\u00e9vention Estivale tout au long de l&rsquo;\u00e9t\u00e9 pour AIUTU CORSU"},"content":{"rendered":"<p style=\"text-align: justify;\">Durant la p\u00e9riode estivale, rythm\u00e9e par les foires locales, r\u00e9gionales et par la vie corse, l\u2019\u00e9quipe d\u2019AIUTU CORSU et ses b\u00e9n\u00e9voles \u00e9taient pr\u00e9sents sur des <strong>stands de pr\u00e9vention<\/strong>.<\/p>\n<p style=\"text-align: justify;\">Nos stands nous ont permis de venir \u00e0 la rencontre du public afin d\u2019\u00e9changer et de communiquer lors des manifestations publiques telles que &nbsp;\u00ab la&nbsp;Foire de BARACCI&nbsp;\u00bb, &nbsp;\u00ab&nbsp;le Concert du 15 Aout \u00e0 AJACCIO&nbsp;\u00bb, lors d\u2019une soir\u00e9e \u00e0 \u00ab&nbsp;la Paillote du SCUDO&nbsp;\u00bb, et plusieurs autres soir\u00e9es \u00e0 \u00ab&nbsp;CAPO DI FENO&nbsp;\u00bb\u2026<\/p>\n<p style=\"text-align: justify;\">Au printemps dernier, l\u2019association AIUTU CORSU remettait les prix aux jeunes ayant particip\u00e9 au <strong>concours d\u2019affiche<\/strong> organis\u00e9 par l\u2019association en partenariat avec le Service de Sant\u00e9 des Jeunes de la FALEP. L\u2019objet du concours \u00e9tait de donner la parole aux jeunes et de promouvoir leurs d\u2019id\u00e9es sur la th\u00e9matique de la r\u00e9duction des risques face au VIH. Deux centres sociaux ont particip\u00e9 : le centre social des Cannes et celui du Jardin de l\u2019Empereur. L\u2019affiche gagnante a \u00e9t\u00e9 utilis\u00e9e pour la <strong>campagne de communication<\/strong> de pr\u00e9vention estivale de l\u2019association. Elle fut visible \u00e0 Ajaccio, \u00e0 Bastia et \u00e0 Porticcio sur des abris bus et du mat\u00e9riel urbain en centre-ville. Des affiches ont \u00e9t\u00e9 transmises \u00e0 un grand nombre de pharmacies, de mairies, de coll\u00e8ges, d\u2019offices de tourismes, d\u2019institutionnels et d\u2019administrations au sein de la r\u00e9gion Corse, ainsi qu\u2019\u00e0 l\u2019universit\u00e9.<\/p>\n<p style=\"text-align: justify;\">La p\u00e9riode estivale est une p\u00e9riode propice pour intervenir aupr\u00e8s de la population HSH (hommes ayant de relations sexuelles avec d\u2019autres hommes). En effet, l\u2019association AIUTU CORSU et ses b\u00e9n\u00e9voles, interviennent \u00e0 l&rsquo;occasion de <strong>nombreuses actions de communication et de pr\u00e9vention<\/strong> sur un grand nombre de plages et de lieux de rencontres ext\u00e9rieur <strong>sur l\u2019ensemble de la r\u00e9gion Corse tout au long de l\u2019\u00e9t\u00e9<\/strong>.<\/p>\n<p style=\"text-align: justify;\">Nos pr\u00e9sences, lors des manifestations \u00e0 grand public, ont \u00e9t\u00e9 des op\u00e9rations de visibilit\u00e9 et des invitations \u00e0 venir nous rencontrer sur nos stands ou dans nos locaux lors de nos permanences d\u2019accueil.<\/p>\n<figure id=\"attachment_2557\" aria-describedby=\"caption-attachment-2557\" style=\"width: 300px\" class=\"wp-caption aligncenter\"><a href=\"http:\/\/www.aiutu-corsu.org\/wordpress\/wp-content\/uploads\/2015\/09\/capo-di-feno-03-Copie.jpg\" target=\"_blank\" rel=\"noopener noreferrer\"><img loading=\"lazy\" decoding=\"async\" class=\"size-medium wp-image-2557 \" title=\"capo di feno 03 - Copie\" src=\"http:\/\/www.aiutu-corsu.org\/wordpress\/wp-content\/uploads\/2015\/09\/capo-di-feno-03-Copie-300x200.jpg\" alt=\"\" width=\"300\" height=\"200\" srcset=\"https:\/\/www.aiutu-corsu.org\/wordpress\/wp-content\/uploads\/2015\/09\/capo-di-feno-03-Copie-300x200.jpg 300w, https:\/\/www.aiutu-corsu.org\/wordpress\/wp-content\/uploads\/2015\/09\/capo-di-feno-03-Copie-1024x684.jpg 1024w\" sizes=\"(max-width: 300px) 100vw, 300px\" \/><\/a><figcaption id=\"caption-attachment-2557\" class=\"wp-caption-text\">Soir\u00e9e pr\u00e9vention Capo di Feno<\/figcaption><\/figure>\n<figure id=\"attachment_2560\" aria-describedby=\"caption-attachment-2560\" style=\"width: 300px\" class=\"wp-caption aligncenter\"><a href=\"http:\/\/www.aiutu-corsu.org\/wordpress\/wp-content\/uploads\/2015\/09\/DSC_3622-Copie.jpg\" target=\"_blank\" rel=\"noopener noreferrer\"><img loading=\"lazy\" decoding=\"async\" class=\"size-medium wp-image-2560\" title=\"DSC_3622 - Copie\" src=\"http:\/\/www.aiutu-corsu.org\/wordpress\/wp-content\/uploads\/2015\/09\/DSC_3622-Copie-300x261.jpg\" alt=\"\" width=\"300\" height=\"261\" srcset=\"https:\/\/www.aiutu-corsu.org\/wordpress\/wp-content\/uploads\/2015\/09\/DSC_3622-Copie-300x261.jpg 300w, https:\/\/www.aiutu-corsu.org\/wordpress\/wp-content\/uploads\/2015\/09\/DSC_3622-Copie-1024x891.jpg 1024w\" sizes=\"(max-width: 300px) 100vw, 300px\" \/><\/a><figcaption id=\"caption-attachment-2560\" class=\"wp-caption-text\">Soir\u00e9e pr\u00e9vention au Scudo<\/figcaption><\/figure>\n<figure id=\"attachment_2561\" aria-describedby=\"caption-attachment-2561\" style=\"width: 300px\" class=\"wp-caption aligncenter\"><a href=\"http:\/\/www.aiutu-corsu.org\/wordpress\/wp-content\/uploads\/2015\/09\/DSC_3629-Copie.jpg\" target=\"_blank\" rel=\"noopener noreferrer\"><img loading=\"lazy\" decoding=\"async\" class=\"size-medium wp-image-2561\" title=\"DSC_3629 - Copie\" src=\"http:\/\/www.aiutu-corsu.org\/wordpress\/wp-content\/uploads\/2015\/09\/DSC_3629-Copie-300x260.jpg\" alt=\"\" width=\"300\" height=\"260\" srcset=\"https:\/\/www.aiutu-corsu.org\/wordpress\/wp-content\/uploads\/2015\/09\/DSC_3629-Copie-300x260.jpg 300w, https:\/\/www.aiutu-corsu.org\/wordpress\/wp-content\/uploads\/2015\/09\/DSC_3629-Copie-1024x890.jpg 1024w\" sizes=\"(max-width: 300px) 100vw, 300px\" \/><\/a><figcaption id=\"caption-attachment-2561\" class=\"wp-caption-text\">Soir\u00e9e pr\u00e9vention Concert 15 Aout Ajaccio<\/figcaption><\/figure>\n<figure id=\"attachment_2563\" aria-describedby=\"caption-attachment-2563\" style=\"width: 300px\" class=\"wp-caption aligncenter\"><a href=\"http:\/\/www.aiutu-corsu.org\/wordpress\/wp-content\/uploads\/2015\/09\/DSC_2217.jpg\" target=\"_blank\" rel=\"noopener noreferrer\"><img loading=\"lazy\" decoding=\"async\" class=\"size-medium wp-image-2563 \" title=\"DSC_2217\" src=\"http:\/\/www.aiutu-corsu.org\/wordpress\/wp-content\/uploads\/2015\/09\/DSC_2217-300x225.jpg\" alt=\"\" width=\"300\" height=\"225\" srcset=\"https:\/\/www.aiutu-corsu.org\/wordpress\/wp-content\/uploads\/2015\/09\/DSC_2217-300x225.jpg 300w, https:\/\/www.aiutu-corsu.org\/wordpress\/wp-content\/uploads\/2015\/09\/DSC_2217-1024x768.jpg 1024w\" sizes=\"(max-width: 300px) 100vw, 300px\" \/><\/a><figcaption id=\"caption-attachment-2563\" class=\"wp-caption-text\">Pr\u00e9vention Foire de Baracci<\/figcaption><\/figure>\n<figure id=\"attachment_2567\" aria-describedby=\"caption-attachment-2567\" style=\"width: 225px\" class=\"wp-caption aligncenter\"><a href=\"http:\/\/www.aiutu-corsu.org\/wordpress\/wp-content\/uploads\/2015\/09\/DSC_35741.jpg\" target=\"_blank\" rel=\"noopener noreferrer\"><img loading=\"lazy\" decoding=\"async\" class=\"size-medium wp-image-2567\" title=\"DSC_3574\" src=\"http:\/\/www.aiutu-corsu.org\/wordpress\/wp-content\/uploads\/2015\/09\/DSC_35741-e1441374379694-225x300.jpg\" alt=\"\" width=\"225\" height=\"300\" srcset=\"https:\/\/www.aiutu-corsu.org\/wordpress\/wp-content\/uploads\/2015\/09\/DSC_35741-e1441374379694-225x300.jpg 225w, https:\/\/www.aiutu-corsu.org\/wordpress\/wp-content\/uploads\/2015\/09\/DSC_35741-e1441374379694-768x1024.jpg 768w\" sizes=\"(max-width: 225px) 100vw, 225px\" \/><\/a><figcaption id=\"caption-attachment-2567\" class=\"wp-caption-text\">Planim\u00e8tre Centre ville AJACCIO<\/figcaption><\/figure>\n<figure id=\"attachment_2569\" aria-describedby=\"caption-attachment-2569\" style=\"width: 300px\" class=\"wp-caption aligncenter\"><a href=\"http:\/\/www.aiutu-corsu.org\/wordpress\/wp-content\/uploads\/2015\/09\/DSC_3266-Copie.jpg\" target=\"_blank\" rel=\"noopener noreferrer\"><img loading=\"lazy\" decoding=\"async\" class=\"size-medium wp-image-2569 \" title=\"DSC_3266 - Copie\" src=\"http:\/\/www.aiutu-corsu.org\/wordpress\/wp-content\/uploads\/2015\/09\/DSC_3266-Copie-300x252.jpg\" alt=\"\" width=\"300\" height=\"252\" srcset=\"https:\/\/www.aiutu-corsu.org\/wordpress\/wp-content\/uploads\/2015\/09\/DSC_3266-Copie-300x252.jpg 300w, https:\/\/www.aiutu-corsu.org\/wordpress\/wp-content\/uploads\/2015\/09\/DSC_3266-Copie-1024x862.jpg 1024w\" sizes=\"(max-width: 300px) 100vw, 300px\" \/><\/a><figcaption id=\"caption-attachment-2569\" class=\"wp-caption-text\">Journ\u00e9e pr\u00e9vention Saint Erasme<\/figcaption><\/figure>\n","protected":false},"excerpt":{"rendered":"<p>Durant la p\u00e9riode estivale, rythm\u00e9e par les foires locales, r\u00e9gionales et par la vie corse, l\u2019\u00e9quipe d\u2019AIUTU CORSU et ses b\u00e9n\u00e9voles \u00e9taient pr\u00e9sents sur des stands de pr\u00e9vention. Nos stands nous ont permis de venir \u00e0 la rencontre du public afin d\u2019\u00e9changer et de communiquer lors des manifestations publiques telles que &nbsp;\u00ab la&nbsp;Foire de BARACCI&nbsp;\u00bb, [&hellip;]<\/p>\n","protected":false},"author":191,"featured_media":2557,"comment_status":"closed","ping_status":"open","sticky":false,"template":"","format":"standard","meta":{"footnotes":""},"categories":[115],"tags":[61,118,117,116,66,71,65,46],"_links":{"self":[{"href":"https:\/\/www.aiutu-corsu.org\/wordpress\/wp-json\/wp\/v2\/posts\/2552"}],"collection":[{"href":"https:\/\/www.aiutu-corsu.org\/wordpress\/wp-json\/wp\/v2\/posts"}],"about":[{"href":"https:\/\/www.aiutu-corsu.org\/wordpress\/wp-json\/wp\/v2\/types\/post"}],"author":[{"embeddable":true,"href":"https:\/\/www.aiutu-corsu.org\/wordpress\/wp-json\/wp\/v2\/users\/191"}],"replies":[{"embeddable":true,"href":"https:\/\/www.aiutu-corsu.org\/wordpress\/wp-json\/wp\/v2\/comments?post=2552"}],"version-history":[{"count":16,"href":"https:\/\/www.aiutu-corsu.org\/wordpress\/wp-json\/wp\/v2\/posts\/2552\/revisions"}],"predecessor-version":[{"id":4532,"href":"https:\/\/www.aiutu-corsu.org\/wordpress\/wp-json\/wp\/v2\/posts\/2552\/revisions\/4532"}],"wp:featuredmedia":[{"embeddable":true,"href":"https:\/\/www.aiutu-corsu.org\/wordpress\/wp-json\/wp\/v2\/media\/2557"}],"wp:attachment":[{"href":"https:\/\/www.aiutu-corsu.org\/wordpress\/wp-json\/wp\/v2\/media?parent=2552"}],"wp:term":[{"taxonomy":"category","embeddable":true,"href":"https:\/\/www.aiutu-corsu.org\/wordpress\/wp-json\/wp\/v2\/categories?post=2552"},{"taxonomy":"post_tag","embeddable":true,"href":"https:\/\/www.aiutu-corsu.org\/wordpress\/wp-json\/wp\/v2\/tags?post=2552"}],"curies":[{"name":"wp","href":"https:\/\/api.w.org\/{rel}","templated":true}]}}