{"id":2141,"date":"2014-10-08T13:56:01","date_gmt":"2014-10-08T12:56:01","guid":{"rendered":"http:\/\/www.aiutu-corsu.org\/wordpress\/?p=2141"},"modified":"2020-09-10T13:52:51","modified_gmt":"2020-09-10T12:52:51","slug":"actions-de-prevention-estivales","status":"publish","type":"post","link":"https:\/\/www.aiutu-corsu.org\/wordpress\/2014\/10\/08\/actions-de-prevention-estivales\/","title":{"rendered":"ACTIONS DE PREVENTION ESTIVALES"},"content":{"rendered":"<p style=\"text-align: justify;\">L\u2019association AIUTU CORSU a organis\u00e9 et anim\u00e9 des <strong>stands de pr\u00e9vention<\/strong> qui ont eu lieu durant la p\u00e9riode estivale, rythm\u00e9 par les foires et de la vie Corse.<\/p>\n<p style=\"text-align: justify;\">Nos pr\u00e9sences, lors des manifestations \u00e0 grand public, ont \u00e9t\u00e9 des op\u00e9rations de visibilit\u00e9 et des invitations \u00e0 venir nous rencontrer sur nos stands ou dans nos locaux lors de nos permanences d\u2019accueil.<\/p>\n<p style=\"text-align: justify;\">Cet \u00e9t\u00e9 nous avons particip\u00e9 \u00e0 la f\u00eate de la musique lorsque la musique a envahi les rues de la ville. Nous \u00e9tions \u00e9galement pr\u00e9sent \u00e0 l\u2019occasion de certains Shoppings nocturnes, lors de <strong>manifestations locales et r\u00e9gionales<\/strong> telles que le \u00ab&nbsp;March\u00e9 nocturne de LAVA&nbsp;\u00bb et la \u00ab&nbsp;Foire de BARACCI&nbsp;\u00bb, lors de soir\u00e9es pris\u00e9es par la jeunesse insulaire \u00e0 la paillote du SCUDO et \u00e0 la paillote CAPO DI FENO\u2026<\/p>\n<p style=\"text-align: justify;\">Au printemps dernier, l\u2019association AIUTU CORSU remettait les prix aux jeunes du lyc\u00e9e FINOSELLO, heureux gagnants du <strong>concours d\u2019affiches<\/strong> sur la th\u00e9matique du \u00ab\u00a0DEPISTAGE\u00a0\u00bb. L\u2019objet de ce concours \u00e9tait l\u2019occasion de donner la parole aux jeunes et de promouvoir leur recherche d\u2019id\u00e9es sur la communication autour de la pr\u00e9vention et du d\u00e9pistage VIH.<\/p>\n<p style=\"text-align: justify;\">AIUTU CORSU s\u2019est appuy\u00e9 sur ce travail afin de mettre en valeur la participation des jeunes en montrant la richesse et la diversit\u00e9 de leurs cr\u00e9ations \u00e0 travers la r\u00e9alisation de l\u2019affiche gagnante. L\u2019affiche a \u00e9t\u00e9 utilis\u00e9e pour la <strong>campagne de communication<\/strong> de pr\u00e9vention estivale de l\u2019association. Elle fut visible \u00e0 Ajaccio et \u00e0 Bastia sur les abris bus et le mat\u00e9riel urbain en centre-ville. Des affiches ont \u00e9t\u00e9 transmissent \u00e0 un grand nombre de pharmacies, de mairies, de coll\u00e8ges, d\u2019offices de tourismes, d\u2019institutionnels et d\u2019administrations au sein de la r\u00e9gion Corse, ainsi qu\u2019a l\u2019universit\u00e9.<\/p>\n<p style=\"text-align: justify;\">Tout au long de la p\u00e9riode estivale AIUTU CORSU est intervenu \u00e0 l&rsquo;occasion d&rsquo;actions de communication et de <strong>pr\u00e9vention sur les plages<\/strong> et LRE aupr\u00e8s de la population HSH sur un grand nombre de plages sur l\u2019<strong>ensemble de la r\u00e9gion Corse<\/strong>.<\/p>\n<figure id=\"attachment_2156\" aria-describedby=\"caption-attachment-2156\" style=\"width: 300px\" class=\"wp-caption aligncenter\"><a href=\"http:\/\/www.aiutu-corsu.org\/wordpress\/wp-content\/uploads\/2014\/10\/photo13-Copie.jpg\"><img loading=\"lazy\" decoding=\"async\" class=\"size-medium wp-image-2156\" title=\"Paillote du Scudo\" src=\"http:\/\/www.aiutu-corsu.org\/wordpress\/wp-content\/uploads\/2014\/10\/photo13-Copie-300x287.jpg\" alt=\"\" width=\"300\" height=\"287\" srcset=\"https:\/\/www.aiutu-corsu.org\/wordpress\/wp-content\/uploads\/2014\/10\/photo13-Copie-300x287.jpg 300w, https:\/\/www.aiutu-corsu.org\/wordpress\/wp-content\/uploads\/2014\/10\/photo13-Copie.jpg 444w\" sizes=\"(max-width: 300px) 100vw, 300px\" \/><\/a><figcaption id=\"caption-attachment-2156\" class=\"wp-caption-text\">Stand Pr\u00e9vention Paillote Scudo<\/figcaption><\/figure>\n<figure id=\"attachment_2159\" aria-describedby=\"caption-attachment-2159\" style=\"width: 300px\" class=\"wp-caption aligncenter\"><a href=\"http:\/\/www.aiutu-corsu.org\/wordpress\/wp-content\/uploads\/2014\/10\/3-Copie.jpg\"><img loading=\"lazy\" decoding=\"async\" class=\"size-medium wp-image-2159\" title=\"3 - Copie\" src=\"http:\/\/www.aiutu-corsu.org\/wordpress\/wp-content\/uploads\/2014\/10\/3-Copie-300x213.jpg\" alt=\"\" width=\"300\" height=\"213\" srcset=\"https:\/\/www.aiutu-corsu.org\/wordpress\/wp-content\/uploads\/2014\/10\/3-Copie-300x213.jpg 300w, https:\/\/www.aiutu-corsu.org\/wordpress\/wp-content\/uploads\/2014\/10\/3-Copie.jpg 573w\" sizes=\"(max-width: 300px) 100vw, 300px\" \/><\/a><figcaption id=\"caption-attachment-2159\" class=\"wp-caption-text\">Stand de pr\u00e9vention foire de LAVA<\/figcaption><\/figure>\n<figure id=\"attachment_2160\" aria-describedby=\"caption-attachment-2160\" style=\"width: 300px\" class=\"wp-caption aligncenter\"><a href=\"http:\/\/www.aiutu-corsu.org\/wordpress\/wp-content\/uploads\/2014\/10\/DSC_2176-Copie.jpg\"><img loading=\"lazy\" decoding=\"async\" class=\"size-medium wp-image-2160\" title=\"DSC_2176 - Copie\" src=\"http:\/\/www.aiutu-corsu.org\/wordpress\/wp-content\/uploads\/2014\/10\/DSC_2176-Copie-300x209.jpg\" alt=\"\" width=\"300\" height=\"209\" srcset=\"https:\/\/www.aiutu-corsu.org\/wordpress\/wp-content\/uploads\/2014\/10\/DSC_2176-Copie-300x209.jpg 300w, https:\/\/www.aiutu-corsu.org\/wordpress\/wp-content\/uploads\/2014\/10\/DSC_2176-Copie-1024x716.jpg 1024w\" sizes=\"(max-width: 300px) 100vw, 300px\" \/><\/a><figcaption id=\"caption-attachment-2160\" class=\"wp-caption-text\">Stand de pr\u00e9vention Soir\u00e9e Paillote CAPO DI FENO<\/figcaption><\/figure>\n<figure id=\"attachment_2161\" aria-describedby=\"caption-attachment-2161\" style=\"width: 300px\" class=\"wp-caption aligncenter\"><a href=\"http:\/\/www.aiutu-corsu.org\/wordpress\/wp-content\/uploads\/2014\/10\/DSC_2207-Copie.jpg\"><img loading=\"lazy\" decoding=\"async\" class=\"size-medium wp-image-2161\" title=\"DSC_2207 - Copie\" src=\"http:\/\/www.aiutu-corsu.org\/wordpress\/wp-content\/uploads\/2014\/10\/DSC_2207-Copie-300x264.jpg\" alt=\"\" width=\"300\" height=\"264\" srcset=\"https:\/\/www.aiutu-corsu.org\/wordpress\/wp-content\/uploads\/2014\/10\/DSC_2207-Copie-300x264.jpg 300w, https:\/\/www.aiutu-corsu.org\/wordpress\/wp-content\/uploads\/2014\/10\/DSC_2207-Copie-1024x903.jpg 1024w\" sizes=\"(max-width: 300px) 100vw, 300px\" \/><\/a><figcaption id=\"caption-attachment-2161\" class=\"wp-caption-text\">Stand de pr\u00e9vention foire de BARACCI<\/figcaption><\/figure>\n<figure id=\"attachment_2164\" aria-describedby=\"caption-attachment-2164\" style=\"width: 261px\" class=\"wp-caption aligncenter\"><a href=\"http:\/\/www.aiutu-corsu.org\/wordpress\/wp-content\/uploads\/2014\/10\/DSC_2211-Copie.jpg\"><img loading=\"lazy\" decoding=\"async\" class=\"size-medium wp-image-2164 \" title=\"DSC_2211 - Copie\" src=\"http:\/\/www.aiutu-corsu.org\/wordpress\/wp-content\/uploads\/2014\/10\/DSC_2211-Copie-261x300.jpg\" alt=\"\" width=\"261\" height=\"300\" srcset=\"https:\/\/www.aiutu-corsu.org\/wordpress\/wp-content\/uploads\/2014\/10\/DSC_2211-Copie-261x300.jpg 261w, https:\/\/www.aiutu-corsu.org\/wordpress\/wp-content\/uploads\/2014\/10\/DSC_2211-Copie-894x1024.jpg 894w, https:\/\/www.aiutu-corsu.org\/wordpress\/wp-content\/uploads\/2014\/10\/DSC_2211-Copie.jpg 1544w\" sizes=\"(max-width: 261px) 100vw, 261px\" \/><\/a><figcaption id=\"caption-attachment-2164\" class=\"wp-caption-text\">Foire de BARACCI<\/figcaption><\/figure>\n<p>&nbsp;<\/p>\n<figure id=\"attachment_2171\" aria-describedby=\"caption-attachment-2171\" style=\"width: 224px\" class=\"wp-caption aligncenter\"><a href=\"http:\/\/www.aiutu-corsu.org\/wordpress\/wp-content\/uploads\/2014\/10\/DSC_2172-Copie.jpg\"><img loading=\"lazy\" decoding=\"async\" class=\"size-medium wp-image-2171\" title=\"DSC_2172 - Copie\" src=\"http:\/\/www.aiutu-corsu.org\/wordpress\/wp-content\/uploads\/2014\/10\/DSC_2172-Copie-224x300.jpg\" alt=\"\" width=\"224\" height=\"300\" srcset=\"https:\/\/www.aiutu-corsu.org\/wordpress\/wp-content\/uploads\/2014\/10\/DSC_2172-Copie-224x300.jpg 224w, https:\/\/www.aiutu-corsu.org\/wordpress\/wp-content\/uploads\/2014\/10\/DSC_2172-Copie-765x1024.jpg 765w\" sizes=\"(max-width: 224px) 100vw, 224px\" \/><\/a><figcaption id=\"caption-attachment-2171\" class=\"wp-caption-text\">Campagne de communication estivale 2014<\/figcaption><\/figure>\n<figure id=\"attachment_2173\" aria-describedby=\"caption-attachment-2173\" style=\"width: 224px\" class=\"wp-caption aligncenter\"><a href=\"http:\/\/www.aiutu-corsu.org\/wordpress\/wp-content\/uploads\/2014\/10\/photo-4.jpg\"><img loading=\"lazy\" decoding=\"async\" class=\"size-medium wp-image-2173\" title=\"photo 4\" src=\"http:\/\/www.aiutu-corsu.org\/wordpress\/wp-content\/uploads\/2014\/10\/photo-4-224x300.jpg\" alt=\"\" width=\"224\" height=\"300\" srcset=\"https:\/\/www.aiutu-corsu.org\/wordpress\/wp-content\/uploads\/2014\/10\/photo-4-224x300.jpg 224w, https:\/\/www.aiutu-corsu.org\/wordpress\/wp-content\/uploads\/2014\/10\/photo-4.jpg 478w\" sizes=\"(max-width: 224px) 100vw, 224px\" \/><\/a><figcaption id=\"caption-attachment-2173\" class=\"wp-caption-text\">Campagne communication estivale - Concours affiches<\/figcaption><\/figure>\n","protected":false},"excerpt":{"rendered":"<p>L\u2019association AIUTU CORSU a organis\u00e9 et anim\u00e9 des stands de pr\u00e9vention qui ont eu lieu durant la p\u00e9riode estivale, rythm\u00e9 par les foires et de la vie Corse. Nos pr\u00e9sences, lors des manifestations \u00e0 grand public, ont \u00e9t\u00e9 des op\u00e9rations de visibilit\u00e9 et des invitations \u00e0 venir nous rencontrer sur nos stands ou dans nos [&hellip;]<\/p>\n","protected":false},"author":191,"featured_media":2156,"comment_status":"closed","ping_status":"open","sticky":false,"template":"","format":"standard","meta":{"footnotes":""},"categories":[90],"tags":[110,107,65,109,108],"_links":{"self":[{"href":"https:\/\/www.aiutu-corsu.org\/wordpress\/wp-json\/wp\/v2\/posts\/2141"}],"collection":[{"href":"https:\/\/www.aiutu-corsu.org\/wordpress\/wp-json\/wp\/v2\/posts"}],"about":[{"href":"https:\/\/www.aiutu-corsu.org\/wordpress\/wp-json\/wp\/v2\/types\/post"}],"author":[{"embeddable":true,"href":"https:\/\/www.aiutu-corsu.org\/wordpress\/wp-json\/wp\/v2\/users\/191"}],"replies":[{"embeddable":true,"href":"https:\/\/www.aiutu-corsu.org\/wordpress\/wp-json\/wp\/v2\/comments?post=2141"}],"version-history":[{"count":30,"href":"https:\/\/www.aiutu-corsu.org\/wordpress\/wp-json\/wp\/v2\/posts\/2141\/revisions"}],"predecessor-version":[{"id":4558,"href":"https:\/\/www.aiutu-corsu.org\/wordpress\/wp-json\/wp\/v2\/posts\/2141\/revisions\/4558"}],"wp:featuredmedia":[{"embeddable":true,"href":"https:\/\/www.aiutu-corsu.org\/wordpress\/wp-json\/wp\/v2\/media\/2156"}],"wp:attachment":[{"href":"https:\/\/www.aiutu-corsu.org\/wordpress\/wp-json\/wp\/v2\/media?parent=2141"}],"wp:term":[{"taxonomy":"category","embeddable":true,"href":"https:\/\/www.aiutu-corsu.org\/wordpress\/wp-json\/wp\/v2\/categories?post=2141"},{"taxonomy":"post_tag","embeddable":true,"href":"https:\/\/www.aiutu-corsu.org\/wordpress\/wp-json\/wp\/v2\/tags?post=2141"}],"curies":[{"name":"wp","href":"https:\/\/api.w.org\/{rel}","templated":true}]}}