{"id":1850,"date":"2013-11-22T14:12:09","date_gmt":"2013-11-22T13:12:09","guid":{"rendered":"http:\/\/www.aiutu-corsu.org\/wordpress\/?p=1850"},"modified":"2020-09-14T08:18:55","modified_gmt":"2020-09-14T07:18:55","slug":"foru-di-lassoci-ajaccio-2013","status":"publish","type":"post","link":"https:\/\/www.aiutu-corsu.org\/wordpress\/2013\/11\/22\/foru-di-lassoci-ajaccio-2013\/","title":{"rendered":"Foru Di L&rsquo;Associ &#8211; AJACCIO 2013"},"content":{"rendered":"<p class=\"spip\" style=\"text-align: justify;\"><strong>AIUTU CORSU<\/strong> sera pr\u00e9sent au traditionnel Forum des associations qui aura lieu le Samedi&nbsp;23 Novembre au Palais des Congr\u00e8s d\u2019Ajaccio.<\/p>\n<p class=\"spip\" style=\"text-align: justify;\">Cette ann\u00e9e, la Ville a souhait\u00e9&nbsp;que le&nbsp;Forum soit l&rsquo;occasion d&rsquo;une rencontre entre&nbsp;la jeunesse ajaccienne et les associations afin d&rsquo;encourager et de&nbsp;soutenir les initiatives et les projets des plus jeunes.<\/p>\n<p class=\"spip\" style=\"text-align: justify;\">En tant qu\u2019association nous avons r\u00e9pondu \u00e0 l&rsquo;invitation&nbsp;afin de d\u00e9montrer&nbsp;la vitalit\u00e9 du tissu associatif ajaccien&nbsp;en pr\u00e9sentant au public nos activit\u00e9s, d&rsquo;accompagnement, de soutien, d&rsquo;aide et de pr\u00e9vention.<\/p>\n<p class=\"spip\" style=\"text-align: justify;\">Nous serons heureux de vous accueillir \u00e0 notre stand.<\/p>\n<p class=\"spip\" style=\"text-align: justify;\"><a href=\"http:\/\/www.aiutu-corsu.org\/wordpress\/wp-content\/uploads\/2013\/11\/forum-association-2013.jpg\"><img loading=\"lazy\" decoding=\"async\" class=\"aligncenter size-medium wp-image-1851\" title=\"forum association 2013\" src=\"http:\/\/www.aiutu-corsu.org\/wordpress\/wp-content\/uploads\/2013\/11\/forum-association-2013-201x300.jpg\" alt=\"\" width=\"201\" height=\"300\" srcset=\"https:\/\/www.aiutu-corsu.org\/wordpress\/wp-content\/uploads\/2013\/11\/forum-association-2013-201x300.jpg 201w, https:\/\/www.aiutu-corsu.org\/wordpress\/wp-content\/uploads\/2013\/11\/forum-association-2013.jpg 659w\" sizes=\"(max-width: 201px) 100vw, 201px\" \/><\/a><\/p>\n","protected":false},"excerpt":{"rendered":"<p>AIUTU CORSU sera pr\u00e9sent au traditionnel Forum des associations qui aura lieu le Samedi&nbsp;23 Novembre au Palais des Congr\u00e8s d\u2019Ajaccio. Cette ann\u00e9e, la Ville a souhait\u00e9&nbsp;que le&nbsp;Forum soit l&rsquo;occasion d&rsquo;une rencontre entre&nbsp;la jeunesse ajaccienne et les associations afin d&rsquo;encourager et de&nbsp;soutenir les initiatives et les projets des plus jeunes. En tant qu\u2019association nous avons r\u00e9pondu [&hellip;]<\/p>\n","protected":false},"author":191,"featured_media":1851,"comment_status":"closed","ping_status":"open","sticky":false,"template":"","format":"standard","meta":{"footnotes":""},"categories":[50],"tags":[84,82,83],"_links":{"self":[{"href":"https:\/\/www.aiutu-corsu.org\/wordpress\/wp-json\/wp\/v2\/posts\/1850"}],"collection":[{"href":"https:\/\/www.aiutu-corsu.org\/wordpress\/wp-json\/wp\/v2\/posts"}],"about":[{"href":"https:\/\/www.aiutu-corsu.org\/wordpress\/wp-json\/wp\/v2\/types\/post"}],"author":[{"embeddable":true,"href":"https:\/\/www.aiutu-corsu.org\/wordpress\/wp-json\/wp\/v2\/users\/191"}],"replies":[{"embeddable":true,"href":"https:\/\/www.aiutu-corsu.org\/wordpress\/wp-json\/wp\/v2\/comments?post=1850"}],"version-history":[{"count":12,"href":"https:\/\/www.aiutu-corsu.org\/wordpress\/wp-json\/wp\/v2\/posts\/1850\/revisions"}],"predecessor-version":[{"id":4584,"href":"https:\/\/www.aiutu-corsu.org\/wordpress\/wp-json\/wp\/v2\/posts\/1850\/revisions\/4584"}],"wp:featuredmedia":[{"embeddable":true,"href":"https:\/\/www.aiutu-corsu.org\/wordpress\/wp-json\/wp\/v2\/media\/1851"}],"wp:attachment":[{"href":"https:\/\/www.aiutu-corsu.org\/wordpress\/wp-json\/wp\/v2\/media?parent=1850"}],"wp:term":[{"taxonomy":"category","embeddable":true,"href":"https:\/\/www.aiutu-corsu.org\/wordpress\/wp-json\/wp\/v2\/categories?post=1850"},{"taxonomy":"post_tag","embeddable":true,"href":"https:\/\/www.aiutu-corsu.org\/wordpress\/wp-json\/wp\/v2\/tags?post=1850"}],"curies":[{"name":"wp","href":"https:\/\/api.w.org\/{rel}","templated":true}]}}