{"id":1366,"date":"2013-01-30T14:54:06","date_gmt":"2013-01-30T13:54:06","guid":{"rendered":"http:\/\/www.aiutu-corsu.org\/wordpress\/?p=1366"},"modified":"2020-09-14T08:53:51","modified_gmt":"2020-09-14T07:53:51","slug":"aiutu-corsu-semu-qui-soutiennent-legalite-des-droits","status":"publish","type":"post","link":"https:\/\/www.aiutu-corsu.org\/wordpress\/2013\/01\/30\/aiutu-corsu-semu-qui-soutiennent-legalite-des-droits\/","title":{"rendered":"AIUTU CORSU &#038; SEMU QUI soutiennent \u00ab\u00a0l&rsquo;\u00e9galit\u00e9 des droits\u00a0\u00bb"},"content":{"rendered":"<p style=\"text-align: justify;\">Selon l\u2019AFP dimanche 27 janvier dernier les partisans du mariage homosexuel ont rassembl\u00e9 entre 125&nbsp;000 et 400&nbsp;000 personnes lors de la marche organis\u00e9e \u00e0 Paris.<\/p>\n<p style=\"text-align: justify;\">Sous le mot d\u2019ordre de \u00ab&nbsp;l\u2019\u00e9galit\u00e9 des droits&nbsp;\u00bb, les d\u00e9fenseurs du mariage pour tous, ont travers\u00e9 la capitale entre&nbsp;la place Denfert Rochereau et la Bastille.<\/p>\n<p style=\"text-align: justify;\">Le Vice-Pr\u00e9sident d\u2019AIUTU CORSU et Pr\u00e9sident de SEMU QUI, Monsieur Daniel CARTAYRADE a rejoint le cort\u00e8ge avec le drapeau Corse. De jeunes homos et h\u00e9t\u00e9rosexuels d\u2019origines Corse partis vivre leur homosexualit\u00e9 dans la r\u00e9gion parisienne se sont joints \u00e0 lui et ont tenu \u00e0 exprimer leur soutien \u00e0 cette action. Ils remercient et soutiennent nos deux associations, particuli\u00e8rement Monsieur Daniel CARTAYRADE d\u2019avoir \u00e9t\u00e9 pr\u00e9sent pour porter la banni\u00e8re de la Corse lors de cette manifestation nationale.<\/p>\n<p><a href=\"http:\/\/www.aiutu-corsu.org\/wordpress\/wp-content\/uploads\/2013\/01\/IMG_7128.jpg\"><img loading=\"lazy\" decoding=\"async\" class=\"aligncenter size-medium wp-image-1368\" title=\"IMG_7128\" src=\"http:\/\/www.aiutu-corsu.org\/wordpress\/wp-content\/uploads\/2013\/01\/IMG_7128-300x224.jpg\" alt=\"\" width=\"300\" height=\"224\" srcset=\"https:\/\/www.aiutu-corsu.org\/wordpress\/wp-content\/uploads\/2013\/01\/IMG_7128-300x224.jpg 300w, https:\/\/www.aiutu-corsu.org\/wordpress\/wp-content\/uploads\/2013\/01\/IMG_7128.jpg 640w\" sizes=\"(max-width: 300px) 100vw, 300px\" \/><\/a><\/p>\n<p><a href=\"http:\/\/www.aiutu-corsu.org\/wordpress\/wp-content\/uploads\/2013\/01\/IMG_8630.jpeg\"><img loading=\"lazy\" decoding=\"async\" class=\"aligncenter size-medium wp-image-1370\" title=\"IMG_8630\" src=\"http:\/\/www.aiutu-corsu.org\/wordpress\/wp-content\/uploads\/2013\/01\/IMG_8630-224x300.jpg\" alt=\"\" width=\"224\" height=\"300\" srcset=\"https:\/\/www.aiutu-corsu.org\/wordpress\/wp-content\/uploads\/2013\/01\/IMG_8630-224x300.jpg 224w, https:\/\/www.aiutu-corsu.org\/wordpress\/wp-content\/uploads\/2013\/01\/IMG_8630.jpeg 478w\" sizes=\"(max-width: 224px) 100vw, 224px\" \/><\/a><\/p>\n<p><a href=\"http:\/\/www.aiutu-corsu.org\/wordpress\/wp-content\/uploads\/2013\/01\/IMG_6592.jpeg\"><img loading=\"lazy\" decoding=\"async\" class=\"aligncenter size-medium wp-image-1371\" title=\"IMG_6592\" src=\"http:\/\/www.aiutu-corsu.org\/wordpress\/wp-content\/uploads\/2013\/01\/IMG_6592-300x224.jpg\" alt=\"\" width=\"300\" height=\"224\" srcset=\"https:\/\/www.aiutu-corsu.org\/wordpress\/wp-content\/uploads\/2013\/01\/IMG_6592-300x224.jpg 300w, https:\/\/www.aiutu-corsu.org\/wordpress\/wp-content\/uploads\/2013\/01\/IMG_6592-1024x764.jpg 1024w, https:\/\/www.aiutu-corsu.org\/wordpress\/wp-content\/uploads\/2013\/01\/IMG_6592.jpeg 1280w\" sizes=\"(max-width: 300px) 100vw, 300px\" \/><\/a><\/p>\n","protected":false},"excerpt":{"rendered":"<p>Selon l\u2019AFP dimanche 27 janvier dernier les partisans du mariage homosexuel ont rassembl\u00e9 entre 125&nbsp;000 et 400&nbsp;000 personnes lors de la marche organis\u00e9e \u00e0 Paris. Sous le mot d\u2019ordre de \u00ab&nbsp;l\u2019\u00e9galit\u00e9 des droits&nbsp;\u00bb, les d\u00e9fenseurs du mariage pour tous, ont travers\u00e9 la capitale entre&nbsp;la place Denfert Rochereau et la Bastille. Le Vice-Pr\u00e9sident d\u2019AIUTU CORSU et [&hellip;]<\/p>\n","protected":false},"author":191,"featured_media":1368,"comment_status":"closed","ping_status":"open","sticky":false,"template":"","format":"standard","meta":{"footnotes":""},"categories":[50],"tags":[],"_links":{"self":[{"href":"https:\/\/www.aiutu-corsu.org\/wordpress\/wp-json\/wp\/v2\/posts\/1366"}],"collection":[{"href":"https:\/\/www.aiutu-corsu.org\/wordpress\/wp-json\/wp\/v2\/posts"}],"about":[{"href":"https:\/\/www.aiutu-corsu.org\/wordpress\/wp-json\/wp\/v2\/types\/post"}],"author":[{"embeddable":true,"href":"https:\/\/www.aiutu-corsu.org\/wordpress\/wp-json\/wp\/v2\/users\/191"}],"replies":[{"embeddable":true,"href":"https:\/\/www.aiutu-corsu.org\/wordpress\/wp-json\/wp\/v2\/comments?post=1366"}],"version-history":[{"count":18,"href":"https:\/\/www.aiutu-corsu.org\/wordpress\/wp-json\/wp\/v2\/posts\/1366\/revisions"}],"predecessor-version":[{"id":4616,"href":"https:\/\/www.aiutu-corsu.org\/wordpress\/wp-json\/wp\/v2\/posts\/1366\/revisions\/4616"}],"wp:featuredmedia":[{"embeddable":true,"href":"https:\/\/www.aiutu-corsu.org\/wordpress\/wp-json\/wp\/v2\/media\/1368"}],"wp:attachment":[{"href":"https:\/\/www.aiutu-corsu.org\/wordpress\/wp-json\/wp\/v2\/media?parent=1366"}],"wp:term":[{"taxonomy":"category","embeddable":true,"href":"https:\/\/www.aiutu-corsu.org\/wordpress\/wp-json\/wp\/v2\/categories?post=1366"},{"taxonomy":"post_tag","embeddable":true,"href":"https:\/\/www.aiutu-corsu.org\/wordpress\/wp-json\/wp\/v2\/tags?post=1366"}],"curies":[{"name":"wp","href":"https:\/\/api.w.org\/{rel}","templated":true}]}}